{"id":1939,"date":"2024-04-18T19:54:57","date_gmt":"2024-04-18T19:54:57","guid":{"rendered":"https:\/\/biblioteca.isidrodearceneguiycarmona.es\/?p=1939"},"modified":"2024-05-20T12:48:06","modified_gmt":"2024-05-20T12:48:06","slug":"concurso-de-marca-paginas-curso-2023-24","status":"publish","type":"post","link":"https:\/\/biblioteca.isidrodearceneguiycarmona.es\/?p=1939","title":{"rendered":"CONCURSO DE MARCA P\u00c1GINAS CURSO 2023-24"},"content":{"rendered":"<p>El lunes 15 de este mes de abril se seleccionaron los dos marca p\u00e1ginas ganadores del concurso ya tradicional en nuestro Centro: en esta ocasi\u00f3n, celebramos un referendum entre los colaboradores de la BE con el fin de seleccionar el lema para este curso escolar y el elegido para esta ocasi\u00f3n, en sinton\u00eda con el cartel anunciador ganador del Certamen Literario Villa de Marchena, ha sido &#8220;<strong>LEYENDO, FLUIR\u00c1S<\/strong>&#8220;.<\/p>\n<p>Enhorabuena a\u00a0 <strong>Violeta Zhelania Ure\u00f1a S\u00e1nchez<\/strong> de 1\u00ba ESO D y a<strong> Sandra Cobano Melero<\/strong> de 3\u00ba de ESO A, que recibir\u00e1n sus respectivos cheques canjeables por material escolar, cheques aportados por nuestro Centro educativo. Enhorabuena tambi\u00e9n a todos los alumnos y alumnas\u00a0 participantes del concurso y felicitar, como siempre, por su implicaci\u00f3n en este proyecto, al Departamento de Dibujo.<\/p>\n<div id='gallery-1' class='gallery galleryid-1939 gallery-columns-3 gallery-size-thumbnail'><figure class='gallery-item'>\n\t\t\t<div class='gallery-icon portrait'>\n\t\t\t\t<a href='https:\/\/biblioteca.isidrodearceneguiycarmona.es\/?attachment_id=1960'><img loading=\"lazy\" decoding=\"async\" width=\"150\" height=\"150\" src=\"https:\/\/biblioteca.isidrodearceneguiycarmona.es\/wp-content\/uploads\/2024\/04\/IMG_20240419_192615-150x150.jpg\" class=\"attachment-thumbnail size-thumbnail\" alt=\"\" \/><\/a>\n\t\t\t<\/div><\/figure><figure class='gallery-item'>\n\t\t\t<div class='gallery-icon landscape'>\n\t\t\t\t<a href='https:\/\/biblioteca.isidrodearceneguiycarmona.es\/?attachment_id=1959'><img loading=\"lazy\" decoding=\"async\" width=\"150\" height=\"150\" src=\"https:\/\/biblioteca.isidrodearceneguiycarmona.es\/wp-content\/uploads\/2024\/04\/IMG_20240419_190355-150x150.jpg\" class=\"attachment-thumbnail size-thumbnail\" alt=\"\" \/><\/a>\n\t\t\t<\/div><\/figure><figure class='gallery-item'>\n\t\t\t<div class='gallery-icon portrait'>\n\t\t\t\t<a href='https:\/\/biblioteca.isidrodearceneguiycarmona.es\/?attachment_id=1957'><img loading=\"lazy\" decoding=\"async\" width=\"150\" height=\"150\" src=\"https:\/\/biblioteca.isidrodearceneguiycarmona.es\/wp-content\/uploads\/2024\/04\/IMG_20240419_190339-150x150.jpg\" class=\"attachment-thumbnail size-thumbnail\" alt=\"\" \/><\/a>\n\t\t\t<\/div><\/figure><figure class='gallery-item'>\n\t\t\t<div class='gallery-icon landscape'>\n\t\t\t\t<a href='https:\/\/biblioteca.isidrodearceneguiycarmona.es\/?attachment_id=1956'><img loading=\"lazy\" decoding=\"async\" width=\"150\" height=\"150\" src=\"https:\/\/biblioteca.isidrodearceneguiycarmona.es\/wp-content\/uploads\/2024\/04\/IMG_20240419_190332-150x150.jpg\" class=\"attachment-thumbnail size-thumbnail\" alt=\"\" \/><\/a>\n\t\t\t<\/div><\/figure><figure class='gallery-item'>\n\t\t\t<div class='gallery-icon landscape'>\n\t\t\t\t<a href='https:\/\/biblioteca.isidrodearceneguiycarmona.es\/?attachment_id=1955'><img loading=\"lazy\" decoding=\"async\" width=\"150\" height=\"150\" src=\"https:\/\/biblioteca.isidrodearceneguiycarmona.es\/wp-content\/uploads\/2024\/04\/IMG_20240419_190327-150x150.jpg\" class=\"attachment-thumbnail size-thumbnail\" alt=\"\" \/><\/a>\n\t\t\t<\/div><\/figure><figure class='gallery-item'>\n\t\t\t<div class='gallery-icon landscape'>\n\t\t\t\t<a href='https:\/\/biblioteca.isidrodearceneguiycarmona.es\/?attachment_id=1954'><img loading=\"lazy\" decoding=\"async\" width=\"150\" height=\"150\" src=\"https:\/\/biblioteca.isidrodearceneguiycarmona.es\/wp-content\/uploads\/2024\/04\/IMG_20240419_190313-150x150.jpg\" class=\"attachment-thumbnail size-thumbnail\" alt=\"\" \/><\/a>\n\t\t\t<\/div><\/figure><figure class='gallery-item'>\n\t\t\t<div class='gallery-icon landscape'>\n\t\t\t\t<a href='https:\/\/biblioteca.isidrodearceneguiycarmona.es\/?attachment_id=1953'><img loading=\"lazy\" decoding=\"async\" width=\"150\" height=\"150\" src=\"https:\/\/biblioteca.isidrodearceneguiycarmona.es\/wp-content\/uploads\/2024\/04\/IMG_20240419_190307-150x150.jpg\" class=\"attachment-thumbnail size-thumbnail\" alt=\"\" \/><\/a>\n\t\t\t<\/div><\/figure><figure class='gallery-item'>\n\t\t\t<div class='gallery-icon landscape'>\n\t\t\t\t<a href='https:\/\/biblioteca.isidrodearceneguiycarmona.es\/?attachment_id=1952'><img loading=\"lazy\" decoding=\"async\" width=\"150\" height=\"150\" src=\"https:\/\/biblioteca.isidrodearceneguiycarmona.es\/wp-content\/uploads\/2024\/04\/IMG_20240419_190248-150x150.jpg\" class=\"attachment-thumbnail size-thumbnail\" alt=\"\" \/><\/a>\n\t\t\t<\/div><\/figure><figure class='gallery-item'>\n\t\t\t<div class='gallery-icon portrait'>\n\t\t\t\t<a href='https:\/\/biblioteca.isidrodearceneguiycarmona.es\/?attachment_id=1951'><img loading=\"lazy\" decoding=\"async\" width=\"150\" height=\"150\" src=\"https:\/\/biblioteca.isidrodearceneguiycarmona.es\/wp-content\/uploads\/2024\/04\/IMG_20240419_190231-150x150.jpg\" class=\"attachment-thumbnail size-thumbnail\" alt=\"\" \/><\/a>\n\t\t\t<\/div><\/figure><figure class='gallery-item'>\n\t\t\t<div class='gallery-icon landscape'>\n\t\t\t\t<a href='https:\/\/biblioteca.isidrodearceneguiycarmona.es\/?attachment_id=1950'><img loading=\"lazy\" decoding=\"async\" width=\"150\" height=\"150\" src=\"https:\/\/biblioteca.isidrodearceneguiycarmona.es\/wp-content\/uploads\/2024\/04\/IMG_20240419_190221-150x150.jpg\" class=\"attachment-thumbnail size-thumbnail\" alt=\"\" \/><\/a>\n\t\t\t<\/div><\/figure><figure class='gallery-item'>\n\t\t\t<div class='gallery-icon portrait'>\n\t\t\t\t<a href='https:\/\/biblioteca.isidrodearceneguiycarmona.es\/?attachment_id=1941'><img loading=\"lazy\" decoding=\"async\" width=\"150\" height=\"150\" src=\"https:\/\/biblioteca.isidrodearceneguiycarmona.es\/wp-content\/uploads\/2024\/04\/marca02-150x150.jpeg\" class=\"attachment-thumbnail size-thumbnail\" alt=\"\" \/><\/a>\n\t\t\t<\/div><\/figure><figure class='gallery-item'>\n\t\t\t<div class='gallery-icon portrait'>\n\t\t\t\t<a href='https:\/\/biblioteca.isidrodearceneguiycarmona.es\/?attachment_id=1940'><img loading=\"lazy\" decoding=\"async\" width=\"150\" height=\"150\" src=\"https:\/\/biblioteca.isidrodearceneguiycarmona.es\/wp-content\/uploads\/2024\/04\/marca01-150x150.jpeg\" class=\"attachment-thumbnail size-thumbnail\" alt=\"\" \/><\/a>\n\t\t\t<\/div><\/figure>\n\t\t<\/div>\n\n<p><strong>Violeta Ure\u00f1a<\/strong>\u00a0 <strong>\u00a0Sandra Cobano\u00a0<\/strong><\/p>\n<p><a href=\"https:\/\/biblioteca.isidrodearceneguiycarmona.es\/?attachment_id=1940\" rel=\"attachment wp-att-1940\"><img loading=\"lazy\" decoding=\"async\" class=\" wp-image-1940 alignleft\" src=\"http:\/\/biblioteca.isidrodearceneguiycarmona.es\/wp-content\/uploads\/2024\/04\/marca01-101x300.jpeg\" alt=\"\" width=\"108\" height=\"321\" srcset=\"https:\/\/biblioteca.isidrodearceneguiycarmona.es\/wp-content\/uploads\/2024\/04\/marca01-101x300.jpeg 101w, https:\/\/biblioteca.isidrodearceneguiycarmona.es\/wp-content\/uploads\/2024\/04\/marca01-346x1024.jpeg 346w, https:\/\/biblioteca.isidrodearceneguiycarmona.es\/wp-content\/uploads\/2024\/04\/marca01-768x2272.jpeg 768w, https:\/\/biblioteca.isidrodearceneguiycarmona.es\/wp-content\/uploads\/2024\/04\/marca01-519x1536.jpeg 519w, https:\/\/biblioteca.isidrodearceneguiycarmona.es\/wp-content\/uploads\/2024\/04\/marca01-692x2048.jpeg 692w\" sizes=\"auto, (max-width: 108px) 100vw, 108px\" \/><\/a><a href=\"https:\/\/biblioteca.isidrodearceneguiycarmona.es\/?attachment_id=1941\" rel=\"attachment wp-att-1941\"><img loading=\"lazy\" decoding=\"async\" class=\"wp-image-1941 alignleft\" src=\"http:\/\/biblioteca.isidrodearceneguiycarmona.es\/wp-content\/uploads\/2024\/04\/marca02-99x300.jpeg\" alt=\"\" width=\"109\" height=\"331\" srcset=\"https:\/\/biblioteca.isidrodearceneguiycarmona.es\/wp-content\/uploads\/2024\/04\/marca02-99x300.jpeg 99w, https:\/\/biblioteca.isidrodearceneguiycarmona.es\/wp-content\/uploads\/2024\/04\/marca02-338x1024.jpeg 338w, https:\/\/biblioteca.isidrodearceneguiycarmona.es\/wp-content\/uploads\/2024\/04\/marca02-768x2326.jpeg 768w, https:\/\/biblioteca.isidrodearceneguiycarmona.es\/wp-content\/uploads\/2024\/04\/marca02-507x1536.jpeg 507w, https:\/\/biblioteca.isidrodearceneguiycarmona.es\/wp-content\/uploads\/2024\/04\/marca02-676x2048.jpeg 676w\" sizes=\"auto, (max-width: 109px) 100vw, 109px\" \/><\/a><\/p>\n","protected":false},"excerpt":{"rendered":"<p>El lunes 15 de este mes de abril se seleccionaron los dos marca p\u00e1ginas ganadores del concurso ya tradicional en &hellip; <\/p>\n","protected":false},"author":3,"featured_media":1952,"comment_status":"closed","ping_status":"closed","sticky":false,"template":"","format":"standard","meta":{"footnotes":""},"categories":[6],"tags":[],"class_list":["post-1939","post","type-post","status-publish","format-standard","has-post-thumbnail","hentry","category-concursos"],"_links":{"self":[{"href":"https:\/\/biblioteca.isidrodearceneguiycarmona.es\/index.php?rest_route=\/wp\/v2\/posts\/1939","targetHints":{"allow":["GET"]}}],"collection":[{"href":"https:\/\/biblioteca.isidrodearceneguiycarmona.es\/index.php?rest_route=\/wp\/v2\/posts"}],"about":[{"href":"https:\/\/biblioteca.isidrodearceneguiycarmona.es\/index.php?rest_route=\/wp\/v2\/types\/post"}],"author":[{"embeddable":true,"href":"https:\/\/biblioteca.isidrodearceneguiycarmona.es\/index.php?rest_route=\/wp\/v2\/users\/3"}],"replies":[{"embeddable":true,"href":"https:\/\/biblioteca.isidrodearceneguiycarmona.es\/index.php?rest_route=%2Fwp%2Fv2%2Fcomments&post=1939"}],"version-history":[{"count":12,"href":"https:\/\/biblioteca.isidrodearceneguiycarmona.es\/index.php?rest_route=\/wp\/v2\/posts\/1939\/revisions"}],"predecessor-version":[{"id":1989,"href":"https:\/\/biblioteca.isidrodearceneguiycarmona.es\/index.php?rest_route=\/wp\/v2\/posts\/1939\/revisions\/1989"}],"wp:featuredmedia":[{"embeddable":true,"href":"https:\/\/biblioteca.isidrodearceneguiycarmona.es\/index.php?rest_route=\/wp\/v2\/media\/1952"}],"wp:attachment":[{"href":"https:\/\/biblioteca.isidrodearceneguiycarmona.es\/index.php?rest_route=%2Fwp%2Fv2%2Fmedia&parent=1939"}],"wp:term":[{"taxonomy":"category","embeddable":true,"href":"https:\/\/biblioteca.isidrodearceneguiycarmona.es\/index.php?rest_route=%2Fwp%2Fv2%2Fcategories&post=1939"},{"taxonomy":"post_tag","embeddable":true,"href":"https:\/\/biblioteca.isidrodearceneguiycarmona.es\/index.php?rest_route=%2Fwp%2Fv2%2Ftags&post=1939"}],"curies":[{"name":"wp","href":"https:\/\/api.w.org\/{rel}","templated":true}]}}