{"id":2009,"date":"2025-09-25T14:47:35","date_gmt":"2025-09-25T14:47:35","guid":{"rendered":"http:\/\/biblioteca.isidrodearceneguiycarmona.es\/?p=2009"},"modified":"2025-09-25T14:59:01","modified_gmt":"2025-09-25T14:59:01","slug":"gracias-antonio","status":"publish","type":"post","link":"https:\/\/biblioteca.isidrodearceneguiycarmona.es\/?p=2009","title":{"rendered":"\u00a1GRACIAS ANTONIO!"},"content":{"rendered":"<p>Lo primero que queremos hacer en este inicio de curso desde la Biblioteca Escolar Rosario Mart\u00edn es agradecer a nuestro querido Antonio Moyano todos los a\u00f1os que ha dedicado a cuidarla y mimarla. Han sido 35 a\u00f1os en el Isidro Arcenegui (que se dice pronto), y de ellos, los \u00faltimos 18 ocup\u00e1ndose de la biblioteca hasta su jubilaci\u00f3n el curso pasado. Antonio es de esas personas que dejan huella, no solo en su alumnado sino en todo aquel que ha tenido contacto con \u00e9l. Su calidad humana y su humildad son sus se\u00f1as, y el trabajo y la dedicaci\u00f3n vocacional hacia todo lo que hace lo que m\u00e1s le caracteriza. Su labor en la Biblioteca estos a\u00f1os ha sido enorme y es por todo ello por lo que queremos poner en valor todo ese trabajo que no se ve y que est\u00e1 ah\u00ed.<\/p>\n<p>Es imposible cuantificar todo lo que has hecho por nuestra biblioteca, Antonio, por cada uno de los alumnos que pasaron por ella y, por supuesto, por todos los que tuvimos el privilegio de trabajar contigo.<\/p>\n<p>Te nos jubilaste el pasado Diciembre, pero a lo largo de los a\u00f1os, has sido mucho m\u00e1s que la persona encargada de los libros. Has sido un gu\u00eda, un refugio de sabidur\u00eda y paciencia, y un modelo de dedicaci\u00f3n y amor por lo que haces. Tu compromiso incansable, tu organizaci\u00f3n y tu cari\u00f1o hacia los libros y los lectores han transformado ese espacio en algo mucho m\u00e1s que una simple biblioteca.<\/p>\n<p>Por todo ello, gracias Antonio. Gracias por acercar a nuestros j\u00f3venes a la lectura, gracias por difundir la cultura, gracias por ense\u00f1arnos tantas cosas, gracias por tu cercan\u00eda y disponibilidad, gracias por tu implicaci\u00f3n, gracias por todo, gracias por tanto\u2026<\/p>\n<p>&nbsp;<\/p>\n","protected":false},"excerpt":{"rendered":"<p>Lo primero que queremos hacer en este inicio de curso desde la Biblioteca Escolar Rosario Mart\u00edn es agradecer a nuestro &hellip; <\/p>\n","protected":false},"author":3,"featured_media":2013,"comment_status":"closed","ping_status":"closed","sticky":false,"template":"","format":"standard","meta":{"footnotes":""},"categories":[1],"tags":[],"class_list":["post-2009","post","type-post","status-publish","format-standard","has-post-thumbnail","hentry","category-articulos-2"],"_links":{"self":[{"href":"https:\/\/biblioteca.isidrodearceneguiycarmona.es\/index.php?rest_route=\/wp\/v2\/posts\/2009","targetHints":{"allow":["GET"]}}],"collection":[{"href":"https:\/\/biblioteca.isidrodearceneguiycarmona.es\/index.php?rest_route=\/wp\/v2\/posts"}],"about":[{"href":"https:\/\/biblioteca.isidrodearceneguiycarmona.es\/index.php?rest_route=\/wp\/v2\/types\/post"}],"author":[{"embeddable":true,"href":"https:\/\/biblioteca.isidrodearceneguiycarmona.es\/index.php?rest_route=\/wp\/v2\/users\/3"}],"replies":[{"embeddable":true,"href":"https:\/\/biblioteca.isidrodearceneguiycarmona.es\/index.php?rest_route=%2Fwp%2Fv2%2Fcomments&post=2009"}],"version-history":[{"count":4,"href":"https:\/\/biblioteca.isidrodearceneguiycarmona.es\/index.php?rest_route=\/wp\/v2\/posts\/2009\/revisions"}],"predecessor-version":[{"id":2016,"href":"https:\/\/biblioteca.isidrodearceneguiycarmona.es\/index.php?rest_route=\/wp\/v2\/posts\/2009\/revisions\/2016"}],"wp:featuredmedia":[{"embeddable":true,"href":"https:\/\/biblioteca.isidrodearceneguiycarmona.es\/index.php?rest_route=\/wp\/v2\/media\/2013"}],"wp:attachment":[{"href":"https:\/\/biblioteca.isidrodearceneguiycarmona.es\/index.php?rest_route=%2Fwp%2Fv2%2Fmedia&parent=2009"}],"wp:term":[{"taxonomy":"category","embeddable":true,"href":"https:\/\/biblioteca.isidrodearceneguiycarmona.es\/index.php?rest_route=%2Fwp%2Fv2%2Fcategories&post=2009"},{"taxonomy":"post_tag","embeddable":true,"href":"https:\/\/biblioteca.isidrodearceneguiycarmona.es\/index.php?rest_route=%2Fwp%2Fv2%2Ftags&post=2009"}],"curies":[{"name":"wp","href":"https:\/\/api.w.org\/{rel}","templated":true}]}}