{"id":297,"date":"2018-04-29T18:49:00","date_gmt":"2018-04-29T18:49:00","guid":{"rendered":""},"modified":"2020-09-19T10:23:37","modified_gmt":"2020-09-19T10:23:37","slug":"dia-del-libro-2","status":"publish","type":"post","link":"https:\/\/biblioteca.isidrodearceneguiycarmona.es\/?p=297","title":{"rendered":"D\u00cdA DEL LIBRO"},"content":{"rendered":"<div style=\"text-align: center;\">\n<h2><span style=\"color: #351c75;\">D\u00cdA DEL LIBRO <\/span><\/h2>\n<p><span style=\"color: #351c75;\">GRACIAS AL TRABAJO COLABORATIVO<\/span><br \/><span style=\"color: #351c75;\">DE LOS DEPARTAMENTOS DE LENGUA Y LITERATURA Y PL\u00c1STICA Y DISE\u00d1O, SE HAN LLEVADO A CABO UN PAR DE ACTIVIDADES CREATIVAS CON LAS QUE LOS ALUMNOS DE NUESTRO CENTRO HAN CELEBRADO EL D\u00cdA DEL LIBRO DIRANTE ESTA SEMANA: HAIKUS Y MARCAP\u00c1GINAS.<\/span><\/div>\n<div style=\"text-align: center;\"><span style=\"color: #351c75;\"><br \/><\/span><\/div>\n<div style=\"text-align: center;\"><span style=\"color: #351c75;\">\u00a1GRACIAS A TODOS POR VUESTRA PARTICIPACI\u00d3N!<\/span><\/div>\n<div style=\"text-align: center;\"><\/div>\n<div style=\"text-align: center;\"><\/div>\n<div style=\"clear: both; text-align: center;\"><\/div>\n<p><\/p>\n<div style=\"clear: both; text-align: center;\"><\/div>\n<p><\/p>\n<div style=\"clear: both; text-align: center;\"><\/div>\n<p><\/p>\n<div style=\"clear: both; text-align: center;\"><\/div>\n<p><\/p>\n<div style=\"clear: both; text-align: center;\"><\/div>\n<p><\/p>\n<div style=\"clear: both; text-align: center;\"><\/div>\n<p><\/p>\n","protected":false},"excerpt":{"rendered":"<p>D\u00cdA DEL LIBRO GRACIAS AL TRABAJO COLABORATIVODE LOS DEPARTAMENTOS DE LENGUA Y LITERATURA Y PL\u00c1STICA Y DISE\u00d1O, SE HAN LLEVADO &hellip; <\/p>\n","protected":false},"author":3,"featured_media":414,"comment_status":"open","ping_status":"open","sticky":false,"template":"","format":"standard","meta":{"footnotes":""},"categories":[7],"tags":[],"class_list":["post-297","post","type-post","status-publish","format-standard","has-post-thumbnail","hentry","category-celebraciones"],"_links":{"self":[{"href":"https:\/\/biblioteca.isidrodearceneguiycarmona.es\/index.php?rest_route=\/wp\/v2\/posts\/297","targetHints":{"allow":["GET"]}}],"collection":[{"href":"https:\/\/biblioteca.isidrodearceneguiycarmona.es\/index.php?rest_route=\/wp\/v2\/posts"}],"about":[{"href":"https:\/\/biblioteca.isidrodearceneguiycarmona.es\/index.php?rest_route=\/wp\/v2\/types\/post"}],"author":[{"embeddable":true,"href":"https:\/\/biblioteca.isidrodearceneguiycarmona.es\/index.php?rest_route=\/wp\/v2\/users\/3"}],"replies":[{"embeddable":true,"href":"https:\/\/biblioteca.isidrodearceneguiycarmona.es\/index.php?rest_route=%2Fwp%2Fv2%2Fcomments&post=297"}],"version-history":[{"count":13,"href":"https:\/\/biblioteca.isidrodearceneguiycarmona.es\/index.php?rest_route=\/wp\/v2\/posts\/297\/revisions"}],"predecessor-version":[{"id":796,"href":"https:\/\/biblioteca.isidrodearceneguiycarmona.es\/index.php?rest_route=\/wp\/v2\/posts\/297\/revisions\/796"}],"wp:featuredmedia":[{"embeddable":true,"href":"https:\/\/biblioteca.isidrodearceneguiycarmona.es\/index.php?rest_route=\/wp\/v2\/media\/414"}],"wp:attachment":[{"href":"https:\/\/biblioteca.isidrodearceneguiycarmona.es\/index.php?rest_route=%2Fwp%2Fv2%2Fmedia&parent=297"}],"wp:term":[{"taxonomy":"category","embeddable":true,"href":"https:\/\/biblioteca.isidrodearceneguiycarmona.es\/index.php?rest_route=%2Fwp%2Fv2%2Fcategories&post=297"},{"taxonomy":"post_tag","embeddable":true,"href":"https:\/\/biblioteca.isidrodearceneguiycarmona.es\/index.php?rest_route=%2Fwp%2Fv2%2Ftags&post=297"}],"curies":[{"name":"wp","href":"https:\/\/api.w.org\/{rel}","templated":true}]}}