{"id":319,"date":"2016-04-19T18:08:00","date_gmt":"2016-04-19T18:08:00","guid":{"rendered":"http:\/\/new.isidrodearceneguiycarmona.es\/ganadores-concurso-marcapaginas-5o-edicion"},"modified":"2016-04-19T18:08:00","modified_gmt":"2016-04-19T18:08:00","slug":"ganadores-concurso-marcapaginas-5o-edicion","status":"publish","type":"post","link":"https:\/\/biblioteca.isidrodearceneguiycarmona.es\/?p=319","title":{"rendered":"GANADORES CONCURSO MARCAP\u00c1GINAS 5\u00ba EDICI\u00d3N"},"content":{"rendered":"<div style=\"text-align: center;\"><span style=\"color: #674ea7;\">Las ganadoras del concurso de Marcap\u00e1ginas 5\u00aa edici\u00f3n organizado por la Biblioteca en la que han participado los Departamentos de Dise\u00f1o y Pl\u00e1stica y Lengua y Literatura han sido: Luc\u00eda Jim\u00e9nez de 1\u00ba A y Marta Alfonso de 2\u00ba A. \u00a1Enhorabuena a ambas!<\/span><\/div>\n<p><\/p>\n<div style=\"clear: both; text-align: center;\"><\/div>\n<div style=\"clear: both; text-align: center;\"><a href=\"https:\/\/3.bp.blogspot.com\/-Y5m9cVBG4gs\/VxZzblJtgpI\/AAAAAAAAAD4\/KwakV388ky0BCdrmjtp_d0n_gQKiaexCQCLcB\/s1600\/marta%2Balfonso2A.jpeg\" style=\"clear: left; float: left; margin-bottom: 1em; margin-right: 1em;\" target=\"_blank\"><img loading=\"lazy\" decoding=\"async\" border=\"0\" height=\"400\" src=\"https:\/\/3.bp.blogspot.com\/-Y5m9cVBG4gs\/VxZzblJtgpI\/AAAAAAAAAD4\/KwakV388ky0BCdrmjtp_d0n_gQKiaexCQCLcB\/s400\/marta%2Balfonso2A.jpeg\" width=\"116\" \/><\/a><\/div>\n<p><a href=\"https:\/\/2.bp.blogspot.com\/-7gfvTz4nXFg\/VxZzXHopiYI\/AAAAAAAAAD0\/j5XpEWpw4iwkoaBOZIWYUll8HKjFLNlogCLcB\/s1600\/lucia%2Bjim%25C3%25A9nez%2B1%25C2%25BAA.jpeg\" style=\"margin-left: 1em; margin-right: 1em;\" target=\"_blank\"><img loading=\"lazy\" decoding=\"async\" border=\"0\" height=\"400\" src=\"https:\/\/2.bp.blogspot.com\/-7gfvTz4nXFg\/VxZzXHopiYI\/AAAAAAAAAD0\/j5XpEWpw4iwkoaBOZIWYUll8HKjFLNlogCLcB\/s400\/lucia%2Bjim%25C3%25A9nez%2B1%25C2%25BAA.jpeg\" width=\"113\" \/><\/a><\/p>\n<p><\/p>\n","protected":false},"excerpt":{"rendered":"<p>Las ganadoras del concurso de Marcap\u00e1ginas 5\u00aa edici\u00f3n organizado por la Biblioteca en la que han participado los Departamentos de &hellip; <\/p>\n","protected":false},"author":4,"featured_media":0,"comment_status":"open","ping_status":"open","sticky":false,"template":"","format":"standard","meta":{"footnotes":""},"categories":[1],"tags":[],"class_list":["post-319","post","type-post","status-publish","format-standard","hentry","category-articulos-2"],"_links":{"self":[{"href":"https:\/\/biblioteca.isidrodearceneguiycarmona.es\/index.php?rest_route=\/wp\/v2\/posts\/319","targetHints":{"allow":["GET"]}}],"collection":[{"href":"https:\/\/biblioteca.isidrodearceneguiycarmona.es\/index.php?rest_route=\/wp\/v2\/posts"}],"about":[{"href":"https:\/\/biblioteca.isidrodearceneguiycarmona.es\/index.php?rest_route=\/wp\/v2\/types\/post"}],"author":[{"embeddable":true,"href":"https:\/\/biblioteca.isidrodearceneguiycarmona.es\/index.php?rest_route=\/wp\/v2\/users\/4"}],"replies":[{"embeddable":true,"href":"https:\/\/biblioteca.isidrodearceneguiycarmona.es\/index.php?rest_route=%2Fwp%2Fv2%2Fcomments&post=319"}],"version-history":[{"count":0,"href":"https:\/\/biblioteca.isidrodearceneguiycarmona.es\/index.php?rest_route=\/wp\/v2\/posts\/319\/revisions"}],"wp:attachment":[{"href":"https:\/\/biblioteca.isidrodearceneguiycarmona.es\/index.php?rest_route=%2Fwp%2Fv2%2Fmedia&parent=319"}],"wp:term":[{"taxonomy":"category","embeddable":true,"href":"https:\/\/biblioteca.isidrodearceneguiycarmona.es\/index.php?rest_route=%2Fwp%2Fv2%2Fcategories&post=319"},{"taxonomy":"post_tag","embeddable":true,"href":"https:\/\/biblioteca.isidrodearceneguiycarmona.es\/index.php?rest_route=%2Fwp%2Fv2%2Ftags&post=319"}],"curies":[{"name":"wp","href":"https:\/\/api.w.org\/{rel}","templated":true}]}}