{"id":320,"date":"2016-03-31T12:01:00","date_gmt":"2016-03-31T12:01:00","guid":{"rendered":"http:\/\/new.isidrodearceneguiycarmona.es\/concurso-de-marcapaginas-5a-edicion"},"modified":"2016-03-31T12:01:00","modified_gmt":"2016-03-31T12:01:00","slug":"concurso-de-marcapaginas-5a-edicion","status":"publish","type":"post","link":"https:\/\/biblioteca.isidrodearceneguiycarmona.es\/?p=320","title":{"rendered":"CONCURSO DE MARCAP\u00c1GINAS 5\u00aa EDICI\u00d3N"},"content":{"rendered":"<div style=\"text-align: justify;\"><span style=\"color: #674ea7;\">En esta ocasi\u00f3n, el tema sobre el que tratar\u00e1 estar\u00e1 relacionado con el aniversario de la muerte de Cervantes.&nbsp;<\/span><\/p>\n<div style=\"clear: both; text-align: center;\"><a href=\"https:\/\/1.bp.blogspot.com\/-kUem9nA-Na0\/VwD-QAxPwaI\/AAAAAAAAADY\/aSBzCm6YhmE_1KPpGS3PMCNZ1Jtb_9YeA\/s1600\/marcap%25C3%25A1ginas.jpg\" style=\"margin-left: 1em; margin-right: 1em;\" target=\"_blank\"><img loading=\"lazy\" decoding=\"async\" border=\"0\" height=\"496\" src=\"https:\/\/1.bp.blogspot.com\/-kUem9nA-Na0\/VwD-QAxPwaI\/AAAAAAAAADY\/aSBzCm6YhmE_1KPpGS3PMCNZ1Jtb_9YeA\/s640\/marcap%25C3%25A1ginas.jpg\" width=\"640\" \/><\/a><\/div>\n<\/div>\n<div style=\"clear: both; text-align: center;\"><\/div>\n<p><\/p>\n","protected":false},"excerpt":{"rendered":"<p>En esta ocasi\u00f3n, el tema sobre el que tratar\u00e1 estar\u00e1 relacionado con el aniversario de la muerte de Cervantes.&nbsp;<\/p>\n","protected":false},"author":4,"featured_media":0,"comment_status":"open","ping_status":"open","sticky":false,"template":"","format":"standard","meta":{"footnotes":""},"categories":[6],"tags":[],"class_list":["post-320","post","type-post","status-publish","format-standard","hentry","category-concursos"],"_links":{"self":[{"href":"https:\/\/biblioteca.isidrodearceneguiycarmona.es\/index.php?rest_route=\/wp\/v2\/posts\/320","targetHints":{"allow":["GET"]}}],"collection":[{"href":"https:\/\/biblioteca.isidrodearceneguiycarmona.es\/index.php?rest_route=\/wp\/v2\/posts"}],"about":[{"href":"https:\/\/biblioteca.isidrodearceneguiycarmona.es\/index.php?rest_route=\/wp\/v2\/types\/post"}],"author":[{"embeddable":true,"href":"https:\/\/biblioteca.isidrodearceneguiycarmona.es\/index.php?rest_route=\/wp\/v2\/users\/4"}],"replies":[{"embeddable":true,"href":"https:\/\/biblioteca.isidrodearceneguiycarmona.es\/index.php?rest_route=%2Fwp%2Fv2%2Fcomments&post=320"}],"version-history":[{"count":0,"href":"https:\/\/biblioteca.isidrodearceneguiycarmona.es\/index.php?rest_route=\/wp\/v2\/posts\/320\/revisions"}],"wp:attachment":[{"href":"https:\/\/biblioteca.isidrodearceneguiycarmona.es\/index.php?rest_route=%2Fwp%2Fv2%2Fmedia&parent=320"}],"wp:term":[{"taxonomy":"category","embeddable":true,"href":"https:\/\/biblioteca.isidrodearceneguiycarmona.es\/index.php?rest_route=%2Fwp%2Fv2%2Fcategories&post=320"},{"taxonomy":"post_tag","embeddable":true,"href":"https:\/\/biblioteca.isidrodearceneguiycarmona.es\/index.php?rest_route=%2Fwp%2Fv2%2Ftags&post=320"}],"curies":[{"name":"wp","href":"https:\/\/api.w.org\/{rel}","templated":true}]}}