{"id":323,"date":"2016-03-17T18:34:00","date_gmt":"2016-03-17T18:34:00","guid":{"rendered":"http:\/\/new.isidrodearceneguiycarmona.es\/coleccion-gabriel-garcia-marquez"},"modified":"2016-03-17T18:34:00","modified_gmt":"2016-03-17T18:34:00","slug":"coleccion-gabriel-garcia-marquez","status":"publish","type":"post","link":"https:\/\/biblioteca.isidrodearceneguiycarmona.es\/?p=323","title":{"rendered":"COLECCI\u00d3N GABRIEL GARC\u00cdA M\u00c1RQUEZ"},"content":{"rendered":"<p><span style=\"color: #274e13;\"><span style=\"background-color: #0c343d;\"><span style=\"background-color: white;\">ACABAN DE LLEGAR NUEVOS T\u00cdTULOS DE LA OBRA DE GABO A LA BIBLIOTECA ESCOLAR, EN TOTAL, 10, ENTRE LOS QUE SE ENCUENTRAN &#8220;CR\u00d3NICA DE UNA MUERTE ANUNCIADA&#8221;, EL CORONEL NO TIENE QUIEN LE ESCRIBA, EL OTO\u00d1O DEL PATRIARCA, LA HOJARASCA, ETC.<\/span><\/span><\/span><\/p>\n<div style=\"clear: both; text-align: center;\"><a href=\"https:\/\/1.bp.blogspot.com\/-G5hgMxKplEE\/Vur4doa2PPI\/AAAAAAAAA1I\/F0Jl8ou6Zk8dIemFHXc_maV9vOGk8-v3Q\/s1600\/gabri.jpg\" style=\"margin-left: 1em; margin-right: 1em;\" target=\"_blank\"><img loading=\"lazy\" decoding=\"async\" border=\"0\" height=\"320\" src=\"https:\/\/1.bp.blogspot.com\/-G5hgMxKplEE\/Vur4doa2PPI\/AAAAAAAAA1I\/F0Jl8ou6Zk8dIemFHXc_maV9vOGk8-v3Q\/s320\/gabri.jpg\" width=\"240\" \/><\/a><\/div>\n<p><span style=\"background-color: #0c343d;\"><span style=\"background-color: white;\"><span style=\"color: #0c343d;\">&nbsp;<\/span><span><\/span><\/span><\/span><\/p>\n","protected":false},"excerpt":{"rendered":"<p>ACABAN DE LLEGAR NUEVOS T\u00cdTULOS DE LA OBRA DE GABO A LA BIBLIOTECA ESCOLAR, EN TOTAL, 10, ENTRE LOS QUE &hellip; <\/p>\n","protected":false},"author":3,"featured_media":0,"comment_status":"open","ping_status":"open","sticky":false,"template":"","format":"standard","meta":{"footnotes":""},"categories":[5],"tags":[],"class_list":["post-323","post","type-post","status-publish","format-standard","hentry","category-coleccion"],"_links":{"self":[{"href":"https:\/\/biblioteca.isidrodearceneguiycarmona.es\/index.php?rest_route=\/wp\/v2\/posts\/323","targetHints":{"allow":["GET"]}}],"collection":[{"href":"https:\/\/biblioteca.isidrodearceneguiycarmona.es\/index.php?rest_route=\/wp\/v2\/posts"}],"about":[{"href":"https:\/\/biblioteca.isidrodearceneguiycarmona.es\/index.php?rest_route=\/wp\/v2\/types\/post"}],"author":[{"embeddable":true,"href":"https:\/\/biblioteca.isidrodearceneguiycarmona.es\/index.php?rest_route=\/wp\/v2\/users\/3"}],"replies":[{"embeddable":true,"href":"https:\/\/biblioteca.isidrodearceneguiycarmona.es\/index.php?rest_route=%2Fwp%2Fv2%2Fcomments&post=323"}],"version-history":[{"count":0,"href":"https:\/\/biblioteca.isidrodearceneguiycarmona.es\/index.php?rest_route=\/wp\/v2\/posts\/323\/revisions"}],"wp:attachment":[{"href":"https:\/\/biblioteca.isidrodearceneguiycarmona.es\/index.php?rest_route=%2Fwp%2Fv2%2Fmedia&parent=323"}],"wp:term":[{"taxonomy":"category","embeddable":true,"href":"https:\/\/biblioteca.isidrodearceneguiycarmona.es\/index.php?rest_route=%2Fwp%2Fv2%2Fcategories&post=323"},{"taxonomy":"post_tag","embeddable":true,"href":"https:\/\/biblioteca.isidrodearceneguiycarmona.es\/index.php?rest_route=%2Fwp%2Fv2%2Ftags&post=323"}],"curies":[{"name":"wp","href":"https:\/\/api.w.org\/{rel}","templated":true}]}}