{"id":335,"date":"2015-04-08T10:29:00","date_gmt":"2015-04-08T10:29:00","guid":{"rendered":"http:\/\/new.isidrodearceneguiycarmona.es\/dia-del-libro-3"},"modified":"2015-04-08T10:29:00","modified_gmt":"2015-04-08T10:29:00","slug":"dia-del-libro-3","status":"publish","type":"post","link":"https:\/\/biblioteca.isidrodearceneguiycarmona.es\/?p=335","title":{"rendered":"D\u00cdA DEL LIBRO"},"content":{"rendered":"<p><span style=\"color: #351c75;\">Con vistas a las actividades para el <b>D\u00eda del libro<\/b>, informamos de que la <b>autora del a\u00f1o 2015<\/b> es&nbsp;<b>Pilar Paz Pasamar.<\/b><\/span><br \/><span style=\"color: #351c75;\"><\/span><span style=\"color: #351c75;\">En<b> Wikipedia<\/b> se dice:<\/span><br \/><span style=\"color: #351c75;\"><\/span><span style=\"color: #351c75;\"><i><b><b>&#8220;Pilar Paz Pasamar<\/b> <\/b>es una<b> <span>poetisa<\/span> <\/b>espa\u00f1ola nacida en Jerez de la Frontera el 13 de febrero de 1933. Tambi\u00e9n ha cultivado el<b> teatro infantil. <\/b>Es licenciada en Filosof\u00eda y Letras por la Universidad de Madrid. En su \u00e9poca estudiantil trab\u00f3 amistad con el poeta<\/i><b><i> Juan Ram\u00f3n Jim\u00e9nez.&#8221;<\/i> <\/b><\/span><br \/><span style=\"color: #351c75;\"><\/span><span style=\"color: #351c75;\">El ayuntamiento de Jerez de la Frontera concede anualmente el premio de relatos cortos y poes\u00eda para mujeres<b> &#8220;Pilar Paz Pasamar&#8221;.<\/b><\/span><br \/><span style=\"color: #351c75;\"><\/span><\/p>\n<div><span style=\"color: #351c75;\">Aqu\u00ed van algunos enlaces:<\/span><\/div>\n<p><a href=\"http:\/\/cvc.cervantes.es\/actcult\/paz_pasamar\/\" target=\"_blank\" target=\"_blank\">http:\/\/cvc.cervantes.es\/actcult\/paz_pasama<\/a><br \/><a href=\"http:\/\/cvc.cervantes.es\/actcult\/paz_pasamar\/\" target=\"_blank\" target=\"_blank\">http:\/\/cvc.cervantes.es\/actcult\/paz_pasamar\/<\/a><br \/><a href=\"http:\/\/www.nidodepoesia.com\/paz.htm\" target=\"_blank\" target=\"_blank\">http:\/\/www.nidodepoesia.com\/paz.htm<\/a><br \/><a href=\"http:\/\/www.poetasandaluces.com\/autor.asp?idAutor=290\" target=\"_blank\" target=\"_blank\">http:\/\/www.poetasandaluces.com\/autor.asp?idAutor=290<\/a><\/p>\n<div style=\"clear: both; text-align: center;\"><a href=\"http:\/\/2.bp.blogspot.com\/-Q8H3hm-fZKk\/VSUCxo1FFuI\/AAAAAAAAAuY\/FaP8WRLru4I\/s1600\/paz.jpg\" style=\"margin-left: 1em; margin-right: 1em;\" target=\"_blank\"><img decoding=\"async\" border=\"0\" src=\"http:\/\/2.bp.blogspot.com\/-Q8H3hm-fZKk\/VSUCxo1FFuI\/AAAAAAAAAuY\/FaP8WRLru4I\/s1600\/paz.jpg\" \/><\/a><\/div>\n","protected":false},"excerpt":{"rendered":"<p>Con vistas a las actividades para el D\u00eda del libro, informamos de que la autora del a\u00f1o 2015 es&nbsp;Pilar Paz &hellip; <\/p>\n","protected":false},"author":4,"featured_media":0,"comment_status":"open","ping_status":"open","sticky":false,"template":"","format":"standard","meta":{"footnotes":""},"categories":[7],"tags":[],"class_list":["post-335","post","type-post","status-publish","format-standard","hentry","category-celebraciones"],"_links":{"self":[{"href":"https:\/\/biblioteca.isidrodearceneguiycarmona.es\/index.php?rest_route=\/wp\/v2\/posts\/335","targetHints":{"allow":["GET"]}}],"collection":[{"href":"https:\/\/biblioteca.isidrodearceneguiycarmona.es\/index.php?rest_route=\/wp\/v2\/posts"}],"about":[{"href":"https:\/\/biblioteca.isidrodearceneguiycarmona.es\/index.php?rest_route=\/wp\/v2\/types\/post"}],"author":[{"embeddable":true,"href":"https:\/\/biblioteca.isidrodearceneguiycarmona.es\/index.php?rest_route=\/wp\/v2\/users\/4"}],"replies":[{"embeddable":true,"href":"https:\/\/biblioteca.isidrodearceneguiycarmona.es\/index.php?rest_route=%2Fwp%2Fv2%2Fcomments&post=335"}],"version-history":[{"count":0,"href":"https:\/\/biblioteca.isidrodearceneguiycarmona.es\/index.php?rest_route=\/wp\/v2\/posts\/335\/revisions"}],"wp:attachment":[{"href":"https:\/\/biblioteca.isidrodearceneguiycarmona.es\/index.php?rest_route=%2Fwp%2Fv2%2Fmedia&parent=335"}],"wp:term":[{"taxonomy":"category","embeddable":true,"href":"https:\/\/biblioteca.isidrodearceneguiycarmona.es\/index.php?rest_route=%2Fwp%2Fv2%2Fcategories&post=335"},{"taxonomy":"post_tag","embeddable":true,"href":"https:\/\/biblioteca.isidrodearceneguiycarmona.es\/index.php?rest_route=%2Fwp%2Fv2%2Ftags&post=335"}],"curies":[{"name":"wp","href":"https:\/\/api.w.org\/{rel}","templated":true}]}}