{"id":337,"date":"2015-03-13T21:53:00","date_gmt":"2015-03-13T21:53:00","guid":{"rendered":"http:\/\/new.isidrodearceneguiycarmona.es\/poetica-de-noviembre-2"},"modified":"2015-03-13T21:53:00","modified_gmt":"2015-03-13T21:53:00","slug":"poetica-de-noviembre-2","status":"publish","type":"post","link":"https:\/\/biblioteca.isidrodearceneguiycarmona.es\/?p=337","title":{"rendered":"PO\u00c9TICA DE NOVIEMBRE"},"content":{"rendered":"<div style=\"text-align: justify;\"><span style=\"color: #0b5394;\"><span style=\"color: #4c1130;\">El poeta marchenero JES\u00daS GARC\u00cdA SOLANO nos regala  para la colecci\u00f3n de la Biblioteca su poes\u00eda g\u00f3tica ilustrada en este  libro titulado PO\u00c9TICA DE NOVIEMBRE subtitulado Cien poemas g\u00f3ticos.<\/span>&#8220;Esta peque\u00f1a y ca\u00f3tica gavilla de poemas g\u00f3ticas fue escrita sin  pensar, para aquellos que, como yo, aman profundamente el secreto e  \u00edntimo acto de la lectura.Sin duda es una obra que contiene im\u00e1genes  sobrecogedoras y angustiosas, donde se muestran la desesperaci\u00f3n, la  venganza y la perdici\u00f3n del alma.&#8221;<\/span> <\/div>\n<div style=\"text-align: justify;\"><\/div>\n<div style=\"clear: both; text-align: center;\"><a href=\"http:\/\/1.bp.blogspot.com\/-W6AJ9BsvLC8\/VQNcUUtcuiI\/AAAAAAAAAI0\/15R5uttFGVU\/s1600\/poetica.jpg\" style=\"clear: right; float: right; margin-bottom: 1em; margin-left: 1em;\" target=\"_blank\"><img loading=\"lazy\" decoding=\"async\" border=\"0\" src=\"http:\/\/1.bp.blogspot.com\/-W6AJ9BsvLC8\/VQNcUUtcuiI\/AAAAAAAAAI0\/15R5uttFGVU\/s1600\/poetica.jpg\" height=\"320\" width=\"233\" \/><\/a><\/div>\n<div style=\"text-align: justify;\"><i>Soy el tiempo que no vive<\/i><br \/><i>porque he muerto a tiempo<\/i><br \/><i>sin saber lo que he vivido<\/i><br \/><i>en un mundo de palabras<\/i><br \/><i>y en la voz que nunca quise. <\/i><\/div>\n","protected":false},"excerpt":{"rendered":"<p>El poeta marchenero JES\u00daS GARC\u00cdA SOLANO nos regala para la colecci\u00f3n de la Biblioteca su poes\u00eda g\u00f3tica ilustrada en este &hellip; <\/p>\n","protected":false},"author":4,"featured_media":0,"comment_status":"open","ping_status":"open","sticky":false,"template":"","format":"standard","meta":{"footnotes":""},"categories":[5],"tags":[],"class_list":["post-337","post","type-post","status-publish","format-standard","hentry","category-coleccion"],"_links":{"self":[{"href":"https:\/\/biblioteca.isidrodearceneguiycarmona.es\/index.php?rest_route=\/wp\/v2\/posts\/337","targetHints":{"allow":["GET"]}}],"collection":[{"href":"https:\/\/biblioteca.isidrodearceneguiycarmona.es\/index.php?rest_route=\/wp\/v2\/posts"}],"about":[{"href":"https:\/\/biblioteca.isidrodearceneguiycarmona.es\/index.php?rest_route=\/wp\/v2\/types\/post"}],"author":[{"embeddable":true,"href":"https:\/\/biblioteca.isidrodearceneguiycarmona.es\/index.php?rest_route=\/wp\/v2\/users\/4"}],"replies":[{"embeddable":true,"href":"https:\/\/biblioteca.isidrodearceneguiycarmona.es\/index.php?rest_route=%2Fwp%2Fv2%2Fcomments&post=337"}],"version-history":[{"count":0,"href":"https:\/\/biblioteca.isidrodearceneguiycarmona.es\/index.php?rest_route=\/wp\/v2\/posts\/337\/revisions"}],"wp:attachment":[{"href":"https:\/\/biblioteca.isidrodearceneguiycarmona.es\/index.php?rest_route=%2Fwp%2Fv2%2Fmedia&parent=337"}],"wp:term":[{"taxonomy":"category","embeddable":true,"href":"https:\/\/biblioteca.isidrodearceneguiycarmona.es\/index.php?rest_route=%2Fwp%2Fv2%2Fcategories&post=337"},{"taxonomy":"post_tag","embeddable":true,"href":"https:\/\/biblioteca.isidrodearceneguiycarmona.es\/index.php?rest_route=%2Fwp%2Fv2%2Ftags&post=337"}],"curies":[{"name":"wp","href":"https:\/\/api.w.org\/{rel}","templated":true}]}}