{"id":340,"date":"2015-02-26T14:23:00","date_gmt":"2015-02-26T14:23:00","guid":{"rendered":"http:\/\/new.isidrodearceneguiycarmona.es\/dia-de-andalucia-2"},"modified":"2015-02-26T14:23:00","modified_gmt":"2015-02-26T14:23:00","slug":"dia-de-andalucia-2","status":"publish","type":"post","link":"https:\/\/biblioteca.isidrodearceneguiycarmona.es\/?p=340","title":{"rendered":"D\u00cdA DE ANDALUC\u00cdA"},"content":{"rendered":"<div style=\"text-align: justify;\"><a href=\"http:\/\/3.bp.blogspot.com\/-2t17VkG8aIs\/VO8sOSFV7oI\/AAAAAAAAAs4\/hLXyiM_Y3SY\/s1600\/IMG_20150226_145336.jpg\" style=\"clear: right; float: right; margin-bottom: 1em; margin-left: 1em;\" target=\"_blank\"><img loading=\"lazy\" decoding=\"async\" border=\"0\" src=\"http:\/\/3.bp.blogspot.com\/-2t17VkG8aIs\/VO8sOSFV7oI\/AAAAAAAAAs4\/hLXyiM_Y3SY\/s320\/IMG_20150226_145336.jpg\" height=\"150\" width=\"200\" \/><\/a><span style=\"color: #38761d;\">HOY HEMOS CELEBRADO EL D\u00cdA DE ANDALUC\u00cdA BAJO M\u00cdNIMOS DADA LA HUELGA GENERAL. NO OBSTANTE LOS ALUMNOS DEL PRIMER CICLO DE ESO HAN CANTADO TEXTOS DE POETAS ANDALUCES Y HAN DISE\u00d1ADO PERFILES( PREPARADOS PARA EL EVENTO POR EL DEPARTAMENTO DE DISE\u00d1O Y DIBUJO)TAL Y COMO SE PUEDE VER EN LA PRESENTACI\u00d3N.<\/span><\/div>\n<div style=\"clear: both; text-align: center;\"><\/div>\n<p><\/p>\n","protected":false},"excerpt":{"rendered":"<p>HOY HEMOS CELEBRADO EL D\u00cdA DE ANDALUC\u00cdA BAJO M\u00cdNIMOS DADA LA HUELGA GENERAL. NO OBSTANTE LOS ALUMNOS DEL PRIMER CICLO &hellip; <\/p>\n","protected":false},"author":4,"featured_media":0,"comment_status":"open","ping_status":"open","sticky":false,"template":"","format":"standard","meta":{"footnotes":""},"categories":[7],"tags":[],"class_list":["post-340","post","type-post","status-publish","format-standard","hentry","category-celebraciones"],"_links":{"self":[{"href":"https:\/\/biblioteca.isidrodearceneguiycarmona.es\/index.php?rest_route=\/wp\/v2\/posts\/340","targetHints":{"allow":["GET"]}}],"collection":[{"href":"https:\/\/biblioteca.isidrodearceneguiycarmona.es\/index.php?rest_route=\/wp\/v2\/posts"}],"about":[{"href":"https:\/\/biblioteca.isidrodearceneguiycarmona.es\/index.php?rest_route=\/wp\/v2\/types\/post"}],"author":[{"embeddable":true,"href":"https:\/\/biblioteca.isidrodearceneguiycarmona.es\/index.php?rest_route=\/wp\/v2\/users\/4"}],"replies":[{"embeddable":true,"href":"https:\/\/biblioteca.isidrodearceneguiycarmona.es\/index.php?rest_route=%2Fwp%2Fv2%2Fcomments&post=340"}],"version-history":[{"count":0,"href":"https:\/\/biblioteca.isidrodearceneguiycarmona.es\/index.php?rest_route=\/wp\/v2\/posts\/340\/revisions"}],"wp:attachment":[{"href":"https:\/\/biblioteca.isidrodearceneguiycarmona.es\/index.php?rest_route=%2Fwp%2Fv2%2Fmedia&parent=340"}],"wp:term":[{"taxonomy":"category","embeddable":true,"href":"https:\/\/biblioteca.isidrodearceneguiycarmona.es\/index.php?rest_route=%2Fwp%2Fv2%2Fcategories&post=340"},{"taxonomy":"post_tag","embeddable":true,"href":"https:\/\/biblioteca.isidrodearceneguiycarmona.es\/index.php?rest_route=%2Fwp%2Fv2%2Ftags&post=340"}],"curies":[{"name":"wp","href":"https:\/\/api.w.org\/{rel}","templated":true}]}}