{"id":357,"date":"2012-11-07T23:35:00","date_gmt":"2012-11-07T23:35:00","guid":{"rendered":"http:\/\/new.isidrodearceneguiycarmona.es"},"modified":"2012-11-07T23:35:00","modified_gmt":"2012-11-07T23:35:00","slug":"357-2","status":"publish","type":"post","link":"https:\/\/biblioteca.isidrodearceneguiycarmona.es\/?p=357","title":{"rendered":""},"content":{"rendered":"<p><span style=\"color: #20124d;\">FORMACI\u00d3N DE USUARIOS EN LA BIBLIOTECA<\/span><\/p>\n<div style=\"text-align: justify;\"><span style=\"color: #351c75;\">Los viernes de Noviembre los dedicaremos a presentar nuestra Biblioteca escolar a los m\u00e1s peque\u00f1os y reci\u00e9n incorporados al Centro escolar. En la misma biblioteca tendremos una sesi\u00f3n para cada grupo de 1\u00ba de la ESO, despu\u00e9s del recreo:<\/span><\/div>\n<div style=\"text-align: justify;\"><span style=\"color: #351c75;\">Comenzaremos con una presentaci\u00f3n de lo que ofrece la biblioteca as\u00ed como del ROF de la misma, a trav\u00e9s de una presentaci\u00f3n en&nbsp; Power-point, para terminar con una serie de actividades sobre la CDU, la localizaci\u00f3n de recursos en la biblioteca, los tejuelos y las cubiertas de los libros.<\/span><\/div>\n<table align=\"center\" cellpadding=\"0\" cellspacing=\"0\" style=\"margin-left: auto; margin-right: auto; text-align: center;\">\n<tbody>\n<tr>\n<td style=\"text-align: center;\"><a href=\"http:\/\/4.bp.blogspot.com\/-TedgDcmIN58\/UJrwEIv0pII\/AAAAAAAAAfQ\/DS-AvEp20oU\/s1600\/Copia+de+cdu.jpg\" style=\"margin-left: auto; margin-right: auto;\" target=\"_blank\"><img loading=\"lazy\" decoding=\"async\" border=\"0\" height=\"320\" src=\"http:\/\/4.bp.blogspot.com\/-TedgDcmIN58\/UJrwEIv0pII\/AAAAAAAAAfQ\/DS-AvEp20oU\/s320\/Copia+de+cdu.jpg\" width=\"224\" \/><\/a><\/td>\n<\/tr>\n<tr>\n<td style=\"text-align: center;\"><span style=\"color: #4c1130;\">CDU<\/span><\/td>\n<\/tr>\n<\/tbody>\n<\/table>\n<div style=\"text-align: justify;\"><\/div>\n<div style=\"text-align: justify;\"><\/div>\n","protected":false},"excerpt":{"rendered":"<p>FORMACI\u00d3N DE USUARIOS EN LA BIBLIOTECA Los viernes de Noviembre los dedicaremos a presentar nuestra Biblioteca escolar a los m\u00e1s &hellip; <\/p>\n","protected":false},"author":4,"featured_media":0,"comment_status":"open","ping_status":"open","sticky":false,"template":"","format":"standard","meta":{"footnotes":""},"categories":[9],"tags":[],"class_list":["post-357","post","type-post","status-publish","format-standard","hentry","category-eventos"],"_links":{"self":[{"href":"https:\/\/biblioteca.isidrodearceneguiycarmona.es\/index.php?rest_route=\/wp\/v2\/posts\/357","targetHints":{"allow":["GET"]}}],"collection":[{"href":"https:\/\/biblioteca.isidrodearceneguiycarmona.es\/index.php?rest_route=\/wp\/v2\/posts"}],"about":[{"href":"https:\/\/biblioteca.isidrodearceneguiycarmona.es\/index.php?rest_route=\/wp\/v2\/types\/post"}],"author":[{"embeddable":true,"href":"https:\/\/biblioteca.isidrodearceneguiycarmona.es\/index.php?rest_route=\/wp\/v2\/users\/4"}],"replies":[{"embeddable":true,"href":"https:\/\/biblioteca.isidrodearceneguiycarmona.es\/index.php?rest_route=%2Fwp%2Fv2%2Fcomments&post=357"}],"version-history":[{"count":0,"href":"https:\/\/biblioteca.isidrodearceneguiycarmona.es\/index.php?rest_route=\/wp\/v2\/posts\/357\/revisions"}],"wp:attachment":[{"href":"https:\/\/biblioteca.isidrodearceneguiycarmona.es\/index.php?rest_route=%2Fwp%2Fv2%2Fmedia&parent=357"}],"wp:term":[{"taxonomy":"category","embeddable":true,"href":"https:\/\/biblioteca.isidrodearceneguiycarmona.es\/index.php?rest_route=%2Fwp%2Fv2%2Fcategories&post=357"},{"taxonomy":"post_tag","embeddable":true,"href":"https:\/\/biblioteca.isidrodearceneguiycarmona.es\/index.php?rest_route=%2Fwp%2Fv2%2Ftags&post=357"}],"curies":[{"name":"wp","href":"https:\/\/api.w.org\/{rel}","templated":true}]}}