{"id":363,"date":"2011-06-14T17:19:00","date_gmt":"2011-06-14T17:19:00","guid":{"rendered":"http:\/\/new.isidrodearceneguiycarmona.es"},"modified":"2011-06-14T17:19:00","modified_gmt":"2011-06-14T17:19:00","slug":"363-2","status":"publish","type":"post","link":"https:\/\/biblioteca.isidrodearceneguiycarmona.es\/?p=363","title":{"rendered":""},"content":{"rendered":"<p><span style=\"color: #20124d; font-size: x-large;\">Club de lectura virtual IV<\/span><\/p>\n<p><span style=\"background-color: #f3f3f3; color: #4c1130;\">&#8220;<\/span><span style=\"background-color: #f3f3f3; color: #4c1130; font-size: large;\">La llamada de los muertos<\/span><span style=\"color: #4c1130;\">&#8221; de <\/span>Laura Gallego, por <i><b>Juan Ponce Ramos<\/b> de 4\u00baC<\/i><br \/><a href=\"http:\/\/2.bp.blogspot.com\/-SqP-6QTNtBk\/TfeLmqF7fSI\/AAAAAAAAAaM\/kg6tPi4BLFo\/s1600\/LLAMADAMUERTOS.jpg\" style=\"clear: right; float: right; margin-bottom: 1em; margin-left: 1em;\" target=\"_blank\"><img loading=\"lazy\" decoding=\"async\" border=\"0\" height=\"200\" src=\"http:\/\/2.bp.blogspot.com\/-SqP-6QTNtBk\/TfeLmqF7fSI\/AAAAAAAAAaM\/kg6tPi4BLFo\/s200\/LLAMADAMUERTOS.jpg\" width=\"136\" \/><\/a><i>&#8220;&#8221;Ella se volvi\u00f3 de pronto, incapaz de creer lo que estaba oyendo. Entre las brumas de la frontera vio aparecer a un muchacho rubio de unos dieciseis a\u00f1os que ven\u00eda en su busca, con la ansiedad pintada en sus ojos verdes.<\/i><br \/><i>-Kai&#8230;&#8221;, susurr\u00f3 ella.<\/i><br \/><i>\u00c9l lleg\u00f3 junto a ella. Se miraron.<span style=\"background-color: white;\"><span style=\"background-color: #f3f3f3;\"><\/span><\/span><\/i><br \/><i>-Kai, no puede se: \u00bfEst\u00e1s&#8230;?<\/i><br \/><i>-Estoy muerto-, afirm\u00f3 \u00e9l, como si fuese una gran noticia. &#8220;No me result\u00f3 muy dif\u00edcil morir; no era la primera vez que lo hac\u00eda.-&#8220;<\/i><br \/><b>Si te gusta la intriga, la aventura, el amor, la amistad&#8230;, este puede ser el libro que buscabas (Es el tercer libro de &#8220;Cr\u00f3nicas de la Torre&#8221;)<\/b><\/p>\n<p><a href=\"http:\/\/3.bp.blogspot.com\/-6rvQ6vqEDJ8\/TfeMlcGylcI\/AAAAAAAAAaQ\/BO0uXiBmsew\/s1600\/la+emperatriz+de+los+etereos.jpg\" style=\"clear: left; float: left; margin-bottom: 1em; margin-right: 1em;\" target=\"_blank\"><img loading=\"lazy\" decoding=\"async\" border=\"0\" height=\"200\" src=\"http:\/\/3.bp.blogspot.com\/-6rvQ6vqEDJ8\/TfeMlcGylcI\/AAAAAAAAAaQ\/BO0uXiBmsew\/s200\/la+emperatriz+de+los+etereos.jpg\" width=\"131\" \/><\/a>&#8220;<span style=\"color: #20124d; font-size: large;\">La Emperatriz de los Et\u00e9reos&#8221;<\/span> de Laura Gallego Garc\u00eda, por <i>Sara Armesto Jim\u00e9nez<\/i>, de 4\u00ba C:&nbsp; <b>Es un libro lleno de fantas\u00eda, aventuras&#8230;lo que lo hace muy divertido. Si te gusta sumergirte en mundos llenos de cosas maravillosas y fascinantes, te recomiendo su lectura.<\/b><\/p>\n<p><b>&#8220;<span style=\"color: #20124d; font-size: large;\">Nunca m\u00e1s<\/span>&#8220;<\/b>de carlo Frabetti: <i>&#8220;Con mano temblorosa, Claudia sac\u00f3 el sobre del bolsillo interior de su cazadora y lo abri\u00f3. Querida Claudia:<\/i><br \/><a href=\"http:\/\/1.bp.blogspot.com\/-Pfx5LMPh32o\/TfeOwy8eiTI\/AAAAAAAAAaU\/mmkJKkWV22w\/s1600\/nunca.jpg\" style=\"clear: right; float: right; margin-bottom: 1em; margin-left: 1em;\" target=\"_blank\"><img decoding=\"async\" border=\"0\" src=\"http:\/\/1.bp.blogspot.com\/-Pfx5LMPh32o\/TfeOwy8eiTI\/AAAAAAAAAaU\/mmkJKkWV22w\/s1600\/nunca.jpg\" \/><\/a><i>Tengo la sensaci\u00f3n de haber hecho mal algo, pero no tengo muy claro lo que es. Tal vez mi forma de expresar el afecto y la simpat\u00eda sea equ\u00edvoca, y a estas alturas de mi vida deber\u00eda saberlo y controlarlo; por eso no es una excusa v\u00e1lida decir que mis intenciones nunca fueron aviesas, y por eso cualquier ambig\u00fcedad por mi parte, ahora, ser\u00eda imperdonable.&#8221; <\/i><br \/><b>Al leer el t\u00edtulo, me gust\u00f3, pero nunca me imagin\u00e9 que me podr\u00eda llegar a intrigar tanto; sale de los t\u00edpicos libros de amor, cuentos de hadas, pr\u00edncipes azules en busca de una bonita princesa. Me he llevado muy buena impresi\u00f3n; habla mucho de la poes\u00eda, autores, caracter\u00edsticas de la poes\u00eda, la m\u00e9trica y me ha servido para saber algo m\u00e1s de los poemas: no son simples palabras cultas; son algo m\u00e1s y conllevan muchas horas de trabajo y mucho sentimiento que, a veces, no son valorados.<\/b><br \/><a href=\"http:\/\/1.bp.blogspot.com\/-trHB5xr4nSc\/TfeRvH_0ILI\/AAAAAAAAAaY\/9kKA6b7hx24\/s1600\/donde-este-mi-corazon.jpg\" style=\"clear: right; float: right; margin-bottom: 1em; margin-left: 1em;\" target=\"_blank\"><img loading=\"lazy\" decoding=\"async\" border=\"0\" height=\"200\" src=\"http:\/\/1.bp.blogspot.com\/-trHB5xr4nSc\/TfeRvH_0ILI\/AAAAAAAAAaY\/9kKA6b7hx24\/s200\/donde-este-mi-corazon.jpg\" width=\"130\" \/><\/a><b>&nbsp;<\/b><span style=\"color: #20124d; font-size: x-large;\">&#8220;Donde est\u00e9 mi coraz\u00f3n&#8221;<\/span>, por <b>M\u00aa \u00c1ngeles Garc\u00eda Rodr\u00edguez y Miguel Angel Lora:&nbsp;<\/b><\/p>\n<p>&#8220;La abraz\u00f3, llorando, sin dejar que nadie la tocara.<br \/>-Montse&#8230;, no te mueras, por favor&#8230;, no te mueras&#8230;<br \/>-\u00bfPor qu\u00e9?<br \/>Apenas era un hilo de voz. S\u00f3lo pudo o\u00edrla \u00e9l, que la ten\u00eda estrachmente abrazada.<br \/>&#8211; Tienes que vivir -le dijo.<br \/>-\u00bfPorque llevo su&#8230;cora&#8230;z\u00f3n&#8230;?<br \/>-No, cari\u00f1o -la bes\u00f3 en la frente primero y en los labios despu\u00e9s-. Porque te quiero, y porque ya no importa el pasado, sino esto, t\u00fa y yo. Por favor, Montse, vuelve a luchar&#8230;Por favor&#8230;&#8221;<br \/><b>Me ha gustado mucho este libro. Es muy bonito aunque un poco triste. (M\u00aa\u00c1ngeles)<\/b><br \/><b>Me ha parecido un libro muy bonito y emotivo. Me ha sorprendido gratamente ya que cre\u00eda que iba a ser aburrido. El fragmento que he elegido me parece el m\u00e1s emotivo de todos: es el momento en el que Sergio le cuenta a Montse que el coraz\u00f3n que le transplantaron era de su difunta novia llamada Gloria, que falleci\u00f3 en accidente de tr\u00e1fico.(Miguel Angel)<\/b><br \/><b><i>&nbsp;<\/i><\/b>&#8220;<span style=\"color: #20124d; font-size: x-large;\">La voz a t\u00ed debida<\/span>&#8221; de Pedro Salinas, por <b>Esperanza Labella:<\/b><br \/><a href=\"http:\/\/1.bp.blogspot.com\/--5jN6H9NyWw\/TfeTFZF4koI\/AAAAAAAAAac\/6aeM9mG_agc\/s1600\/La-voz-a-ti-debida.jpg\" style=\"clear: right; float: right; margin-bottom: 1em; margin-left: 1em;\" target=\"_blank\"><img loading=\"lazy\" decoding=\"async\" border=\"0\" height=\"200\" src=\"http:\/\/1.bp.blogspot.com\/--5jN6H9NyWw\/TfeTFZF4koI\/AAAAAAAAAac\/6aeM9mG_agc\/s200\/La-voz-a-ti-debida.jpg\" width=\"124\" \/><\/a><i>&#8220;Ayer te bes\u00e9 en los labios.<\/i><br \/><i>Te bes\u00e9 en los labios. Densos,<\/i><br \/><i> rojos. Fue un beso tan corto<\/i><br \/><i>que dur\u00f3 m\u00e1s que un rel\u00e1mpago,<\/i><br \/><i>que un milagro, m\u00e1s.<\/i><br \/><i>El tiempo<\/i><br \/><i>despu\u00e9s de d\u00e1rtelo<\/i><br \/><i>no lo quise para nada<\/i><br \/><i>ya, para nada<\/i><br \/><i>lo hab\u00eda querido antes.<\/i><br \/><i>Se empez\u00f3, se acab\u00f3 en \u00e9l.&#8221;<\/i><\/p>\n<p><span style=\"color: #20124d; font-size: x-large;\">&#8220;El lazarillo de Tormes&#8221;<\/span> por <b>Jose Luis L\u00f3pez<\/b>, de 4\u00aaA<br \/><a href=\"http:\/\/2.bp.blogspot.com\/-8cuFRjvQAwM\/TfeU_7FhnTI\/AAAAAAAAAag\/PU6NtZg6hmg\/s1600\/lazarillo4.jpg\" style=\"clear: left; float: left; margin-bottom: 1em; margin-right: 1em;\" target=\"_blank\"><img loading=\"lazy\" decoding=\"async\" border=\"0\" height=\"200\" src=\"http:\/\/2.bp.blogspot.com\/-8cuFRjvQAwM\/TfeU_7FhnTI\/AAAAAAAAAag\/PU6NtZg6hmg\/s200\/lazarillo4.jpg\" width=\"150\" \/><\/a><b>He elegido el fragmento en el que L\u00e1zaro le dice al ciego que salte con todas sus fuerza para cruzar el r\u00edo. Este minti\u00f3 y el ciego se choc\u00f3 con un pilar de frente, despu\u00e9s de esta tragedia, L\u00e1zaro se escap\u00f3.<\/b><br \/><b>Os invito a todos a que le\u00e1is este libro porque engancha desde el primer cap\u00edtulo y cuenta las aventuras de L\u00e1zaro de Tormes que convive con siete amos y termina por casarse con la criada del pregonero de Toledo.<\/b><\/p>\n<p><span style=\"color: #20124d; font-size: x-large;\">&#8220;La sombra del viento&#8221;<\/span>, de Carlos Ruiz Saf\u00f3n, por <b>Carolina M\u00e9ndez Castellano.<\/b><br \/><i>&#8220;-\u00bfLe quieres o no?<\/i><br \/><i>Me ofreci\u00f3 una sonrisa que se deshac\u00eda por las costuras.<\/i><br \/><i>-No es asunto tuyo.<\/i><br \/><a href=\"http:\/\/4.bp.blogspot.com\/-qIKu0eBcW6o\/TfeYA1cEbhI\/AAAAAAAAAak\/gIJZixnAPPU\/s1600\/la+sombra+del+viento.jpg\" style=\"clear: right; float: right; margin-bottom: 1em; margin-left: 1em;\" target=\"_blank\"><img loading=\"lazy\" decoding=\"async\" border=\"0\" height=\"200\" src=\"http:\/\/4.bp.blogspot.com\/-qIKu0eBcW6o\/TfeYA1cEbhI\/AAAAAAAAAak\/gIJZixnAPPU\/s200\/la+sombra+del+viento.jpg\" width=\"200\" \/><\/a><i>-Eso es verdad -dije-. es asunto s\u00f3lo tuyo.<\/i><br \/><i>Se le enfri\u00f3 la mirada.<\/i><br \/><i>-\u00bfY a ti qu\u00e9 m\u00e1s te da?<\/i><br \/><i>-No es asunto tuyo -dije.<\/i><br \/><i>No sonri\u00f3.Le temblaban los labios.<\/i><br \/><i>-La gente que me conoce sabe que aprecio a Pablo. Mi familia y&#8230;<\/i><br \/><i>-Pero yo casi soy un extra\u00f1o -interrumpe-. y me gustar\u00eda o\u00edrlo de ti.<\/i><br \/><i>-\u00bfOir el que?<\/i><br \/><i>-Que le quieres de verdad. Que no te casas con \u00e9l para salir de tu casa, o para dejar Barcelona y a tu familia lejos, donde no puedan hacerte da\u00f1o. Que te vas y no no que huyes.&#8221;<\/i><\/p>\n","protected":false},"excerpt":{"rendered":"<p>Club de lectura virtual IV &#8220;La llamada de los muertos&#8221; de Laura Gallego, por Juan Ponce Ramos de 4\u00baC&#8220;&#8221;Ella se &hellip; <\/p>\n","protected":false},"author":4,"featured_media":0,"comment_status":"open","ping_status":"open","sticky":false,"template":"","format":"standard","meta":{"footnotes":""},"categories":[8],"tags":[],"class_list":["post-363","post","type-post","status-publish","format-standard","hentry","category-biblioteca-digital"],"_links":{"self":[{"href":"https:\/\/biblioteca.isidrodearceneguiycarmona.es\/index.php?rest_route=\/wp\/v2\/posts\/363","targetHints":{"allow":["GET"]}}],"collection":[{"href":"https:\/\/biblioteca.isidrodearceneguiycarmona.es\/index.php?rest_route=\/wp\/v2\/posts"}],"about":[{"href":"https:\/\/biblioteca.isidrodearceneguiycarmona.es\/index.php?rest_route=\/wp\/v2\/types\/post"}],"author":[{"embeddable":true,"href":"https:\/\/biblioteca.isidrodearceneguiycarmona.es\/index.php?rest_route=\/wp\/v2\/users\/4"}],"replies":[{"embeddable":true,"href":"https:\/\/biblioteca.isidrodearceneguiycarmona.es\/index.php?rest_route=%2Fwp%2Fv2%2Fcomments&post=363"}],"version-history":[{"count":0,"href":"https:\/\/biblioteca.isidrodearceneguiycarmona.es\/index.php?rest_route=\/wp\/v2\/posts\/363\/revisions"}],"wp:attachment":[{"href":"https:\/\/biblioteca.isidrodearceneguiycarmona.es\/index.php?rest_route=%2Fwp%2Fv2%2Fmedia&parent=363"}],"wp:term":[{"taxonomy":"category","embeddable":true,"href":"https:\/\/biblioteca.isidrodearceneguiycarmona.es\/index.php?rest_route=%2Fwp%2Fv2%2Fcategories&post=363"},{"taxonomy":"post_tag","embeddable":true,"href":"https:\/\/biblioteca.isidrodearceneguiycarmona.es\/index.php?rest_route=%2Fwp%2Fv2%2Ftags&post=363"}],"curies":[{"name":"wp","href":"https:\/\/api.w.org\/{rel}","templated":true}]}}