{"id":366,"date":"2011-05-08T13:46:00","date_gmt":"2011-05-08T13:46:00","guid":{"rendered":"http:\/\/new.isidrodearceneguiycarmona.es"},"modified":"2011-05-08T13:46:00","modified_gmt":"2011-05-08T13:46:00","slug":"366-2","status":"publish","type":"post","link":"https:\/\/biblioteca.isidrodearceneguiycarmona.es\/?p=366","title":{"rendered":""},"content":{"rendered":"<div style=\"color: #20124d; font-family: &quot;Courier New&quot;,Courier,monospace;\"><span style=\"font-size: large;\">MARCAP\u00c1GINAS SOLIDARIOS<\/span><\/div>\n<div style=\"text-align: justify;\"><span style=\"font-family: &quot;Trebuchet MS&quot;,sans-serif; font-size: small;\"><span style=\"color: #0c343d;\">Nuestros alumnos, coordinados por profesorado colaborador en este proyecto, se han volcado en la confecci\u00f3n de estos marcap\u00e1ginas solidarios con la ONG &#8220;Save The Children&#8221; y su proyecto de conseguir recursos materiales para la construcci\u00f3n de escuelas para los ni\u00f1os y ni\u00f1as de Costa de Marfil. Ahora s\u00f3lo queda esperar que lo elaborado con el esfuerzo de nuestro alumnado sirva para aportar un granito de arena esn este proyecto solidario. Gracias a todos y a todas por vuestra participaci\u00f3n.<\/span><\/span><\/div>\n<div style=\"text-align: justify;\"><\/div>\n<div style=\"clear: both; text-align: center;\"><a href=\"http:\/\/3.bp.blogspot.com\/-omhieSopkns\/TcaRlMvq-oI\/AAAAAAAAAXY\/jYee-1asI7w\/s1600\/CIMG5886.JPG\" style=\"margin-left: 1em; margin-right: 1em;\" target=\"_blank\"><img loading=\"lazy\" decoding=\"async\" border=\"0\" height=\"179\" src=\"http:\/\/3.bp.blogspot.com\/-omhieSopkns\/TcaRlMvq-oI\/AAAAAAAAAXY\/jYee-1asI7w\/s320\/CIMG5886.JPG\" width=\"320\" \/><\/a><\/div>\n<p><\/p>\n<div style=\"clear: both; text-align: center;\"><a href=\"http:\/\/1.bp.blogspot.com\/-fzfVXgXiyPc\/TcaS7gKbNcI\/AAAAAAAAAX4\/4_QwYTtz4WU\/s1600\/CIMG5894.JPG\" style=\"margin-left: 1em; margin-right: 1em;\" target=\"_blank\"><img loading=\"lazy\" decoding=\"async\" border=\"0\" height=\"179\" src=\"http:\/\/1.bp.blogspot.com\/-fzfVXgXiyPc\/TcaS7gKbNcI\/AAAAAAAAAX4\/4_QwYTtz4WU\/s320\/CIMG5894.JPG\" width=\"320\" \/><\/a><\/div>\n<p><\/p>\n<div style=\"clear: both; text-align: center;\"><a href=\"http:\/\/3.bp.blogspot.com\/-F4UNcsCK8DM\/TcaSrdrefjI\/AAAAAAAAAX0\/QaU4a9YIawo\/s1600\/CIMG5893.JPG\" style=\"margin-left: 1em; margin-right: 1em;\" target=\"_blank\"><img loading=\"lazy\" decoding=\"async\" border=\"0\" height=\"320\" src=\"http:\/\/3.bp.blogspot.com\/-F4UNcsCK8DM\/TcaSrdrefjI\/AAAAAAAAAX0\/QaU4a9YIawo\/s320\/CIMG5893.JPG\" width=\"179\" \/><\/a><\/div>\n<p><\/p>\n<div style=\"clear: both; text-align: center;\"><a href=\"http:\/\/1.bp.blogspot.com\/-ZpsYjXZ-xlc\/TcaSBrCa77I\/AAAAAAAAAXk\/JMWAJfEA3AM\/s1600\/CIMG5889.JPG\" style=\"margin-left: 1em; margin-right: 1em;\" target=\"_blank\"><img loading=\"lazy\" decoding=\"async\" border=\"0\" height=\"179\" src=\"http:\/\/1.bp.blogspot.com\/-ZpsYjXZ-xlc\/TcaSBrCa77I\/AAAAAAAAAXk\/JMWAJfEA3AM\/s320\/CIMG5889.JPG\" width=\"320\" \/><\/a><\/div>\n<p><\/p>\n<div style=\"clear: both; text-align: center;\"><a href=\"http:\/\/2.bp.blogspot.com\/-T1aW-SBt4nw\/TcaSOYmmljI\/AAAAAAAAAXo\/dLx8TyEw0ZI\/s1600\/CIMG5890.JPG\" style=\"margin-left: 1em; margin-right: 1em;\" target=\"_blank\"><img loading=\"lazy\" decoding=\"async\" border=\"0\" height=\"320\" src=\"http:\/\/2.bp.blogspot.com\/-T1aW-SBt4nw\/TcaSOYmmljI\/AAAAAAAAAXo\/dLx8TyEw0ZI\/s320\/CIMG5890.JPG\" width=\"179\" \/><\/a><\/div>\n<div style=\"text-align: justify;\"><\/div>\n","protected":false},"excerpt":{"rendered":"<p>MARCAP\u00c1GINAS SOLIDARIOS Nuestros alumnos, coordinados por profesorado colaborador en este proyecto, se han volcado en la confecci\u00f3n de estos marcap\u00e1ginas &hellip; <\/p>\n","protected":false},"author":4,"featured_media":0,"comment_status":"open","ping_status":"open","sticky":false,"template":"","format":"standard","meta":{"footnotes":""},"categories":[9],"tags":[],"class_list":["post-366","post","type-post","status-publish","format-standard","hentry","category-eventos"],"_links":{"self":[{"href":"https:\/\/biblioteca.isidrodearceneguiycarmona.es\/index.php?rest_route=\/wp\/v2\/posts\/366","targetHints":{"allow":["GET"]}}],"collection":[{"href":"https:\/\/biblioteca.isidrodearceneguiycarmona.es\/index.php?rest_route=\/wp\/v2\/posts"}],"about":[{"href":"https:\/\/biblioteca.isidrodearceneguiycarmona.es\/index.php?rest_route=\/wp\/v2\/types\/post"}],"author":[{"embeddable":true,"href":"https:\/\/biblioteca.isidrodearceneguiycarmona.es\/index.php?rest_route=\/wp\/v2\/users\/4"}],"replies":[{"embeddable":true,"href":"https:\/\/biblioteca.isidrodearceneguiycarmona.es\/index.php?rest_route=%2Fwp%2Fv2%2Fcomments&post=366"}],"version-history":[{"count":0,"href":"https:\/\/biblioteca.isidrodearceneguiycarmona.es\/index.php?rest_route=\/wp\/v2\/posts\/366\/revisions"}],"wp:attachment":[{"href":"https:\/\/biblioteca.isidrodearceneguiycarmona.es\/index.php?rest_route=%2Fwp%2Fv2%2Fmedia&parent=366"}],"wp:term":[{"taxonomy":"category","embeddable":true,"href":"https:\/\/biblioteca.isidrodearceneguiycarmona.es\/index.php?rest_route=%2Fwp%2Fv2%2Fcategories&post=366"},{"taxonomy":"post_tag","embeddable":true,"href":"https:\/\/biblioteca.isidrodearceneguiycarmona.es\/index.php?rest_route=%2Fwp%2Fv2%2Ftags&post=366"}],"curies":[{"name":"wp","href":"https:\/\/api.w.org\/{rel}","templated":true}]}}