{"id":372,"date":"2011-04-06T17:20:00","date_gmt":"2011-04-06T17:20:00","guid":{"rendered":"http:\/\/new.isidrodearceneguiycarmona.es"},"modified":"2011-04-06T17:20:00","modified_gmt":"2011-04-06T17:20:00","slug":"372-2","status":"publish","type":"post","link":"https:\/\/biblioteca.isidrodearceneguiycarmona.es\/?p=372","title":{"rendered":""},"content":{"rendered":"<div style=\"color: #351c75; font-family: Verdana,sans-serif;\"><span style=\"font-size: large;\"><b>CLUB DE LECTURA II<\/b><\/span><br \/>Hemos seleccionado algunos de los trabajos que est\u00e1n llevando a cabo  alumnos y alumnas de 4\u00ba de la ESO, trabajos que est\u00e1n destinados a  vestir las paredes interiores de nuestro Centro.<\/div>\n<div style=\"font-family: &quot;Helvetica Neue&quot;,Arial,Helvetica,sans-serif;\"><\/div>\n<ul style=\"font-family: &quot;Helvetica Neue&quot;,Arial,Helvetica,sans-serif;\"><a href=\"http:\/\/4.bp.blogspot.com\/-7_GX8lX1hqU\/TZybsqyNsZI\/AAAAAAAAAV4\/qpnVhAwTcAI\/s1600\/El+pen%25C3%25BAltimo+sue%25C3%25B1o+-+Angela+Becerra.jpg\" style=\"clear: left; float: left; margin-bottom: 1em; margin-right: 1em;\" target=\"_blank\"><img loading=\"lazy\" decoding=\"async\" border=\"0\" height=\"200\" src=\"http:\/\/4.bp.blogspot.com\/-7_GX8lX1hqU\/TZybsqyNsZI\/AAAAAAAAAV4\/qpnVhAwTcAI\/s200\/El+pen%25C3%25BAltimo+sue%25C3%25B1o+-+Angela+Becerra.jpg\" width=\"132\" \/><\/a><a href=\"http:\/\/4.bp.blogspot.com\/-0-h6s5TInmg\/TZyfnKXWQYI\/AAAAAAAAAV8\/xa3OYckx2q4\/s1600\/Valquiriasok.jpg\" style=\"clear: left; float: left; margin-bottom: 1em; margin-right: 1em;\" target=\"_blank\"><img loading=\"lazy\" decoding=\"async\" border=\"0\" height=\"200\" src=\"http:\/\/4.bp.blogspot.com\/-0-h6s5TInmg\/TZyfnKXWQYI\/AAAAAAAAAV8\/xa3OYckx2q4\/s200\/Valquiriasok.jpg\" width=\"131\" \/><\/a><\/p>\n<li style=\"font-family: &quot;Helvetica Neue&quot;,Arial,Helvetica,sans-serif; text-align: justify;\"><span style=\"color: #134f5c;\">&#8220;<\/span><b style=\"background-color: #d0e0e3; color: #134f5c;\">EL PEN\u00daLTIMO SUE\u00d1O<\/b><span style=\"color: #134f5c;\">&#8221; <span style=\"color: #351c75;\">por Julia Salvador Hidalgo, de 4\u00ba ESO:<\/span> <\/span><span style=\"color: #134f5c; font-size: x-small;\"><i><span style=\"font-family: &quot;Trebuchet MS&quot;,sans-serif;\">&#8220;Ullada la observaba con dulzura y admiraci\u00f3n; asintiendo con la mirada. Estaba aprendiendo de auella mujer a&nbsp; apreciar lo invisible. -Con el piano se crea una relaci\u00f3n de amantes&#8230;-Lo mir\u00f3 avergonzada-. No s\u00e9 por qu\u00e9 le digo esto.Quienes tocamos el piano tenemos una relaci\u00f3n muy \u00edntima con \u00e9l&#8230;Una conversaci\u00f3n que va desde el alma hasta las entra\u00f1as de sus cuerdas invisibles. Para el pianista, el piano es un amigo que siempre est\u00e1 ah\u00ed; puedes acariciarlo a cualquier hora y, a cambio, te devuelve lo que tiene, su alma, su m\u00fasica.&#8221; &nbsp;<\/span> &nbsp;<\/i><\/span><span style=\"color: #134f5c; font-family: &quot;Helvetica Neue&quot;,Arial,Helvetica,sans-serif;\"> <span style=\"background-color: #cfe2f3; color: #351c75;\">&#8220;Me gusta este fragmento en particular porque habla de la relaci\u00f3n de la m\u00fasica con los sentimientos: una relaci\u00f3n \u00edntima del pianista con sus instrumento y, adem\u00e1s, me gusta la forma de contarlo.\u00a1Os lo recomiendo!&#8221;<\/span><\/span><\/li>\n<li style=\"font-family: &quot;Helvetica Neue&quot;,Arial,Helvetica,sans-serif; text-align: justify;\"><span style=\"background-color: #d0e0e3; color: #20124d;\"><span style=\"color: #0c343d;\">&#8220;VALQUIRIAS<\/span>&#8220;<\/span><span style=\"color: #20124d;\">,<\/span> <span style=\"color: #20124d;\">por Anabel Gallardo Rodr\u00edguez, de 4\u00ba ESO<\/span>:<span style=\"font-size: x-small;\">&nbsp;&nbsp;&nbsp;&nbsp;&nbsp;&nbsp;&nbsp;&nbsp; <span style=\"color: #134f5c; font-family: &quot;Trebuchet MS&quot;,sans-serif;\">&#8220;<\/span><i style=\"color: #134f5c; font-family: &quot;Trebuchet MS&quot;,sans-serif;\">Que los brujos tuviesen rituales, Chris lo entend\u00eda. Y que la vida misma tambi\u00e9n los tuviese -bodas, bautizos, licenciaturas-, tambi\u00e9n lo enetend\u00eda. -No, no hablo de esas cosas obvias-prosigi\u00f3 Paulo impaciente; quer\u00eda dormir, pero ella fingi\u00f3 no oir la agresi\u00f3n-, Digo que todo es un ritual. Igual que una misa es un ritual, compuesto de varias partes, el d\u00eda de la vida de cualquier ser humano tambi\u00e9n lo es. Un ritual cuidadosamente elaborado, que\u00e9l procura ejecutar con precisi\u00f3n porque tiene miedo de que, en el caso de que se rompa una parte, todo se venga abajo. El nombre de ese ritual es RUTINA.&#8221;<\/i><\/span><span style=\"color: #76a5af;\"><span style=\"color: #134f5c;\"><span style=\"font-family: &quot;Trebuchet MS&quot;,sans-serif;\">&nbsp;<\/span>&nbsp;&nbsp;<\/span>&nbsp; <\/span>&nbsp; <span style=\"background-color: #d9d2e9; color: #351c75;\">Me ha encantado especialmente esta p\u00e1gina por la definici\u00f3n que hace de la &#8220;rutina&#8221;, con palabras que van m\u00e1s all\u00e1 de lo obvio: &#8220;Un ritual cuidadosamente elaborado&#8221;. &nbsp;&nbsp;&nbsp;&nbsp;&nbsp;&nbsp;&nbsp;&nbsp;&nbsp;&nbsp;&nbsp;&nbsp;&nbsp;&nbsp;&nbsp;&nbsp;&nbsp;&nbsp;&nbsp;&nbsp;&nbsp;&nbsp;&nbsp;&nbsp;&nbsp;&nbsp;&nbsp;&nbsp;&nbsp; <\/span><\/li>\n<\/ul>\n","protected":false},"excerpt":{"rendered":"<p>CLUB DE LECTURA IIHemos seleccionado algunos de los trabajos que est\u00e1n llevando a cabo alumnos y alumnas de 4\u00ba de &hellip; <\/p>\n","protected":false},"author":4,"featured_media":0,"comment_status":"open","ping_status":"open","sticky":false,"template":"","format":"standard","meta":{"footnotes":""},"categories":[10],"tags":[],"class_list":["post-372","post","type-post","status-publish","format-standard","hentry","category-recomendamos"],"_links":{"self":[{"href":"https:\/\/biblioteca.isidrodearceneguiycarmona.es\/index.php?rest_route=\/wp\/v2\/posts\/372","targetHints":{"allow":["GET"]}}],"collection":[{"href":"https:\/\/biblioteca.isidrodearceneguiycarmona.es\/index.php?rest_route=\/wp\/v2\/posts"}],"about":[{"href":"https:\/\/biblioteca.isidrodearceneguiycarmona.es\/index.php?rest_route=\/wp\/v2\/types\/post"}],"author":[{"embeddable":true,"href":"https:\/\/biblioteca.isidrodearceneguiycarmona.es\/index.php?rest_route=\/wp\/v2\/users\/4"}],"replies":[{"embeddable":true,"href":"https:\/\/biblioteca.isidrodearceneguiycarmona.es\/index.php?rest_route=%2Fwp%2Fv2%2Fcomments&post=372"}],"version-history":[{"count":0,"href":"https:\/\/biblioteca.isidrodearceneguiycarmona.es\/index.php?rest_route=\/wp\/v2\/posts\/372\/revisions"}],"wp:attachment":[{"href":"https:\/\/biblioteca.isidrodearceneguiycarmona.es\/index.php?rest_route=%2Fwp%2Fv2%2Fmedia&parent=372"}],"wp:term":[{"taxonomy":"category","embeddable":true,"href":"https:\/\/biblioteca.isidrodearceneguiycarmona.es\/index.php?rest_route=%2Fwp%2Fv2%2Fcategories&post=372"},{"taxonomy":"post_tag","embeddable":true,"href":"https:\/\/biblioteca.isidrodearceneguiycarmona.es\/index.php?rest_route=%2Fwp%2Fv2%2Ftags&post=372"}],"curies":[{"name":"wp","href":"https:\/\/api.w.org\/{rel}","templated":true}]}}