{"id":378,"date":"2011-02-03T11:45:00","date_gmt":"2011-02-03T11:45:00","guid":{"rendered":"http:\/\/new.isidrodearceneguiycarmona.es"},"modified":"2011-02-03T11:45:00","modified_gmt":"2011-02-03T11:45:00","slug":"378-2","status":"publish","type":"post","link":"https:\/\/biblioteca.isidrodearceneguiycarmona.es\/?p=378","title":{"rendered":""},"content":{"rendered":"<p><a href=\"http:\/\/3.bp.blogspot.com\/_YKFw-Wn3qxk\/TUqUBo8sQAI\/AAAAAAAAAUM\/-0HjTNFEieA\/s1600\/DSC_0021.jpg\" style=\"clear: left; float: left; margin-bottom: 1em; margin-right: 1em;\" target=\"_blank\"><\/a><span style=\"color: purple; font-size: x-large;\">LA BIBLIOTECA ESCOLAR CON &#8220;SAVE THE CHILDREN&#8221;<\/span><\/p>\n<div style=\"clear: both; text-align: center;\"><a href=\"http:\/\/4.bp.blogspot.com\/_YKFw-Wn3qxk\/TUqqPsidnJI\/AAAAAAAAAUQ\/jwBgxt2Ko2s\/s1600\/DSC_0021.jpg\" style=\"margin-left: 1em; margin-right: 1em;\" target=\"_blank\"><img decoding=\"async\" border=\"0\" src=\"http:\/\/4.bp.blogspot.com\/_YKFw-Wn3qxk\/TUqqPsidnJI\/AAAAAAAAAUQ\/jwBgxt2Ko2s\/s1600\/DSC_0021.jpg\" \/><\/a><\/div>\n<p><span style=\"font-size: large;\">&nbsp;La biblioteca escolar &#8220;Rosario Mart\u00edn&#8221; coordina y colabora con este proyecto que pretende, por un lado, sensibilizar y por otro lado, recaudar fondos, que permitan proporcionar educaci\u00f3n a los ni\u00f1os y ni\u00f1as de pa\u00edses fr\u00e1giles afectados por conflictos armados.<\/span><\/p>\n<div style=\"background-color: #f3f3f3; color: #f3f3f3;\"><span style=\"background-color: cyan;\"><span style=\"background-color: white; color: #351c75; font-size: large;\">Ya se han sumado varios profesores para trabajar con su alumnado de la ESO los marcap\u00e1ginas que nos han sido remitidos por &#8220;Save the Children&#8221;. Esperamos as\u00ed contribuir a esta solidaria acci\u00f3n social.<\/span><span style=\"background-color: white;\"><\/span><span style=\"background-color: #f3f3f3;\"><\/span><\/span><\/div>\n","protected":false},"excerpt":{"rendered":"<p>LA BIBLIOTECA ESCOLAR CON &#8220;SAVE THE CHILDREN&#8221; &nbsp;La biblioteca escolar &#8220;Rosario Mart\u00edn&#8221; coordina y colabora con este proyecto que pretende, &hellip; <\/p>\n","protected":false},"author":4,"featured_media":0,"comment_status":"open","ping_status":"open","sticky":false,"template":"","format":"standard","meta":{"footnotes":""},"categories":[9],"tags":[],"class_list":["post-378","post","type-post","status-publish","format-standard","hentry","category-eventos"],"_links":{"self":[{"href":"https:\/\/biblioteca.isidrodearceneguiycarmona.es\/index.php?rest_route=\/wp\/v2\/posts\/378","targetHints":{"allow":["GET"]}}],"collection":[{"href":"https:\/\/biblioteca.isidrodearceneguiycarmona.es\/index.php?rest_route=\/wp\/v2\/posts"}],"about":[{"href":"https:\/\/biblioteca.isidrodearceneguiycarmona.es\/index.php?rest_route=\/wp\/v2\/types\/post"}],"author":[{"embeddable":true,"href":"https:\/\/biblioteca.isidrodearceneguiycarmona.es\/index.php?rest_route=\/wp\/v2\/users\/4"}],"replies":[{"embeddable":true,"href":"https:\/\/biblioteca.isidrodearceneguiycarmona.es\/index.php?rest_route=%2Fwp%2Fv2%2Fcomments&post=378"}],"version-history":[{"count":0,"href":"https:\/\/biblioteca.isidrodearceneguiycarmona.es\/index.php?rest_route=\/wp\/v2\/posts\/378\/revisions"}],"wp:attachment":[{"href":"https:\/\/biblioteca.isidrodearceneguiycarmona.es\/index.php?rest_route=%2Fwp%2Fv2%2Fmedia&parent=378"}],"wp:term":[{"taxonomy":"category","embeddable":true,"href":"https:\/\/biblioteca.isidrodearceneguiycarmona.es\/index.php?rest_route=%2Fwp%2Fv2%2Fcategories&post=378"},{"taxonomy":"post_tag","embeddable":true,"href":"https:\/\/biblioteca.isidrodearceneguiycarmona.es\/index.php?rest_route=%2Fwp%2Fv2%2Ftags&post=378"}],"curies":[{"name":"wp","href":"https:\/\/api.w.org\/{rel}","templated":true}]}}