{"id":380,"date":"2010-12-20T19:04:00","date_gmt":"2010-12-20T19:04:00","guid":{"rendered":"http:\/\/new.isidrodearceneguiycarmona.es"},"modified":"2010-12-20T19:04:00","modified_gmt":"2010-12-20T19:04:00","slug":"380-2","status":"publish","type":"post","link":"https:\/\/biblioteca.isidrodearceneguiycarmona.es\/?p=380","title":{"rendered":""},"content":{"rendered":"<div style=\"background-color: #45818e;\"><b><span style=\"font-size: x-large;\">D\u00cdA DE LA LECTURA EN ANDALUC\u00cdA 2010<\/span><\/b><\/div>\n<p><span style=\"font-size: large;\">El Viernes 16 de diciembre celebramos el d\u00eda de la lectura con el visionado de un documental sobre <span style=\"background-color: #3d85c6;\">Cervantes y Don Quijote,<\/span> y la <span style=\"background-color: #3d85c6;\">exposici\u00f3n en el hall pr\u00f3ximo a nuestra biblioteca de carteler\u00eda<\/span> realizada por los alumnos de nuestro centro en el que se reflejaban p\u00e1rrafos de libros seleccionados por ellos.<\/span><\/p>\n<p><\/p>\n<table align=\"center\" cellpadding=\"0\" cellspacing=\"0\" style=\"margin-left: auto; margin-right: auto; text-align: center;\">\n<tbody>\n<tr>\n<td style=\"text-align: center;\"><a href=\"http:\/\/3.bp.blogspot.com\/_YKFw-Wn3qxk\/TQ-mdJ8g0BI\/AAAAAAAAASs\/fPNJIuiSIvw\/s1600\/CIMG2588.JPG\" style=\"margin-left: auto; margin-right: auto;\" target=\"_blank\"><img loading=\"lazy\" decoding=\"async\" border=\"0\" height=\"179\" src=\"http:\/\/3.bp.blogspot.com\/_YKFw-Wn3qxk\/TQ-mdJ8g0BI\/AAAAAAAAASs\/fPNJIuiSIvw\/s320\/CIMG2588.JPG\" width=\"320\" \/><\/a><\/td>\n<\/tr>\n<tr>\n<td style=\"text-align: center;\">\u00a1Nuevo expositor de la biblioteca!<\/td>\n<\/tr>\n<\/tbody>\n<\/table>\n<p><\/p>\n<div style=\"clear: both; text-align: center;\"><a href=\"http:\/\/3.bp.blogspot.com\/_YKFw-Wn3qxk\/TQ-mh7lpWII\/AAAAAAAAAS0\/cthRD-aQh2g\/s1600\/CIMG2571.JPG\" style=\"margin-left: 1em; margin-right: 1em;\" target=\"_blank\"><img loading=\"lazy\" decoding=\"async\" border=\"0\" height=\"179\" src=\"http:\/\/3.bp.blogspot.com\/_YKFw-Wn3qxk\/TQ-mh7lpWII\/AAAAAAAAAS0\/cthRD-aQh2g\/s320\/CIMG2571.JPG\" width=\"320\" \/><\/a><\/div>\n<div style=\"clear: both; text-align: center;\"><a href=\"http:\/\/4.bp.blogspot.com\/_YKFw-Wn3qxk\/TQ-m5QEetWI\/AAAAAAAAATY\/C2dmBC4yGWA\/s1600\/CIMG2580.JPG\" style=\"margin-left: 1em; margin-right: 1em;\" target=\"_blank\"><img loading=\"lazy\" decoding=\"async\" border=\"0\" height=\"179\" src=\"http:\/\/4.bp.blogspot.com\/_YKFw-Wn3qxk\/TQ-m5QEetWI\/AAAAAAAAATY\/C2dmBC4yGWA\/s320\/CIMG2580.JPG\" width=\"320\" \/><\/a><\/div>\n<div style=\"clear: both; text-align: center;\"><a href=\"http:\/\/3.bp.blogspot.com\/_YKFw-Wn3qxk\/TQ-mm2n4jQI\/AAAAAAAAAS8\/_62fts5lOG8\/s1600\/CIMG2573.JPG\" style=\"margin-left: 1em; margin-right: 1em;\" target=\"_blank\"><img loading=\"lazy\" decoding=\"async\" border=\"0\" height=\"179\" src=\"http:\/\/3.bp.blogspot.com\/_YKFw-Wn3qxk\/TQ-mm2n4jQI\/AAAAAAAAAS8\/_62fts5lOG8\/s320\/CIMG2573.JPG\" width=\"320\" \/><\/a><\/div>\n<div style=\"clear: both; text-align: center;\"><\/div>\n<div style=\"clear: both; text-align: center;\"><\/div>\n<div style=\"clear: both; text-align: center;\"><\/div>\n<div style=\"clear: both; text-align: center;\"><\/div>\n<div style=\"clear: both; text-align: center;\"><a href=\"http:\/\/1.bp.blogspot.com\/_YKFw-Wn3qxk\/TQ-m8LMWWbI\/AAAAAAAAATc\/EHwCPuZdJb4\/s1600\/CIMG2581.JPG\" style=\"margin-left: 1em; margin-right: 1em;\" target=\"_blank\"><img loading=\"lazy\" decoding=\"async\" border=\"0\" height=\"179\" src=\"http:\/\/1.bp.blogspot.com\/_YKFw-Wn3qxk\/TQ-m8LMWWbI\/AAAAAAAAATc\/EHwCPuZdJb4\/s320\/CIMG2581.JPG\" width=\"320\" \/><\/a><\/div>\n<div style=\"clear: both; text-align: center;\"><a href=\"http:\/\/3.bp.blogspot.com\/_YKFw-Wn3qxk\/TQ-m-3-JZSI\/AAAAAAAAATg\/iLK4ZwT5klY\/s1600\/CIMG2582.JPG\" style=\"margin-left: 1em; margin-right: 1em;\" target=\"_blank\"><img loading=\"lazy\" decoding=\"async\" border=\"0\" height=\"179\" src=\"http:\/\/3.bp.blogspot.com\/_YKFw-Wn3qxk\/TQ-m-3-JZSI\/AAAAAAAAATg\/iLK4ZwT5klY\/s320\/CIMG2582.JPG\" width=\"320\" \/><\/a><\/div>\n<div style=\"clear: both; text-align: center;\"><a href=\"http:\/\/2.bp.blogspot.com\/_YKFw-Wn3qxk\/TQ-nBHQxy_I\/AAAAAAAAATk\/QQA2z8iO1Zg\/s1600\/CIMG2583.JPG\" style=\"margin-left: 1em; margin-right: 1em;\" target=\"_blank\"><img loading=\"lazy\" decoding=\"async\" border=\"0\" height=\"179\" src=\"http:\/\/2.bp.blogspot.com\/_YKFw-Wn3qxk\/TQ-nBHQxy_I\/AAAAAAAAATk\/QQA2z8iO1Zg\/s320\/CIMG2583.JPG\" width=\"320\" \/><\/a><\/div>\n<div style=\"clear: both; text-align: center;\"><a href=\"http:\/\/4.bp.blogspot.com\/_YKFw-Wn3qxk\/TQ-nDmuxpQI\/AAAAAAAAATo\/pbGwGpKMkz4\/s1600\/CIMG2584.JPG\" style=\"margin-left: 1em; margin-right: 1em;\" target=\"_blank\"><img loading=\"lazy\" decoding=\"async\" border=\"0\" height=\"179\" src=\"http:\/\/4.bp.blogspot.com\/_YKFw-Wn3qxk\/TQ-nDmuxpQI\/AAAAAAAAATo\/pbGwGpKMkz4\/s320\/CIMG2584.JPG\" width=\"320\" \/><\/a><\/div>\n<p><\/p>\n<div style=\"clear: both; text-align: center;\"><\/div>\n<p><\/p>\n<div style=\"clear: both; text-align: center;\"><\/div>\n","protected":false},"excerpt":{"rendered":"<p>D\u00cdA DE LA LECTURA EN ANDALUC\u00cdA 2010 El Viernes 16 de diciembre celebramos el d\u00eda de la lectura con el &hellip; <\/p>\n","protected":false},"author":4,"featured_media":0,"comment_status":"open","ping_status":"open","sticky":false,"template":"","format":"standard","meta":{"footnotes":""},"categories":[7],"tags":[],"class_list":["post-380","post","type-post","status-publish","format-standard","hentry","category-celebraciones"],"_links":{"self":[{"href":"https:\/\/biblioteca.isidrodearceneguiycarmona.es\/index.php?rest_route=\/wp\/v2\/posts\/380","targetHints":{"allow":["GET"]}}],"collection":[{"href":"https:\/\/biblioteca.isidrodearceneguiycarmona.es\/index.php?rest_route=\/wp\/v2\/posts"}],"about":[{"href":"https:\/\/biblioteca.isidrodearceneguiycarmona.es\/index.php?rest_route=\/wp\/v2\/types\/post"}],"author":[{"embeddable":true,"href":"https:\/\/biblioteca.isidrodearceneguiycarmona.es\/index.php?rest_route=\/wp\/v2\/users\/4"}],"replies":[{"embeddable":true,"href":"https:\/\/biblioteca.isidrodearceneguiycarmona.es\/index.php?rest_route=%2Fwp%2Fv2%2Fcomments&post=380"}],"version-history":[{"count":0,"href":"https:\/\/biblioteca.isidrodearceneguiycarmona.es\/index.php?rest_route=\/wp\/v2\/posts\/380\/revisions"}],"wp:attachment":[{"href":"https:\/\/biblioteca.isidrodearceneguiycarmona.es\/index.php?rest_route=%2Fwp%2Fv2%2Fmedia&parent=380"}],"wp:term":[{"taxonomy":"category","embeddable":true,"href":"https:\/\/biblioteca.isidrodearceneguiycarmona.es\/index.php?rest_route=%2Fwp%2Fv2%2Fcategories&post=380"},{"taxonomy":"post_tag","embeddable":true,"href":"https:\/\/biblioteca.isidrodearceneguiycarmona.es\/index.php?rest_route=%2Fwp%2Fv2%2Ftags&post=380"}],"curies":[{"name":"wp","href":"https:\/\/api.w.org\/{rel}","templated":true}]}}