{"id":390,"date":"2010-03-23T08:13:00","date_gmt":"2010-03-23T08:13:00","guid":{"rendered":"http:\/\/new.isidrodearceneguiycarmona.es"},"modified":"2010-03-23T08:13:00","modified_gmt":"2010-03-23T08:13:00","slug":"390-2","status":"publish","type":"post","link":"https:\/\/biblioteca.isidrodearceneguiycarmona.es\/?p=390","title":{"rendered":""},"content":{"rendered":"<p><title><\/title> \t \t  <\/p>\n<div style=\"background-color: #ead1dc; color: #351c75; font-family: &quot;Helvetica Neue&quot;,Arial,Helvetica,sans-serif; margin-bottom: 0cm;\"><span style=\"font-size: large;\"><b>EL GRUPO DE COLABORADORES DEL PLAN DE LECTURA Y BIBLIOTECA<\/b><\/span><span style=\"font-size: large;\"><b>          ORGANIZA:      <\/b><\/span><span style=\"font-size: large;\">CONCURSO LITERARIO<\/span><\/div>\n<div style=\"font-family: &quot;Helvetica Neue&quot;,Arial,Helvetica,sans-serif; margin-bottom: 0cm;\"><\/div>\n<div style=\"background-color: white; font-family: &quot;Helvetica Neue&quot;,Arial,Helvetica,sans-serif; margin-bottom: 0cm;\"><b>I- CATEGOR\u00cdAS<\/b><\/div>\n<div style=\"background-color: #fce5cd; color: #351c75; font-family: &quot;Helvetica Neue&quot;,Arial,Helvetica,sans-serif; margin-bottom: 0cm;\">1.- CATEGORIA A: Alumn@s de la ESO<\/div>\n<div style=\"background-color: #fce5cd; color: #351c75; font-family: &quot;Helvetica Neue&quot;,Arial,Helvetica,sans-serif; margin-bottom: 0cm;\">2.- CATEGORIA B: Alumn@s de Bachillerato<\/div>\n<div style=\"font-family: &quot;Helvetica Neue&quot;,Arial,Helvetica,sans-serif; margin-bottom: 0cm;\"><\/div>\n<div style=\"font-family: &quot;Helvetica Neue&quot;,Arial,Helvetica,sans-serif; margin-bottom: 0cm;\"><b>II- PRUEBAS<\/b><\/div>\n<div style=\"background-color: #f3f3f3; font-family: &quot;Helvetica Neue&quot;,Arial,Helvetica,sans-serif; margin-bottom: 0cm;\"><b>A) MEMORIZACI\u00d3N Y RECITACI\u00d3N<\/b> DE UN POEMA.<\/div>\n<div style=\"background-color: #f3f3f3; color: purple; font-family: inherit; margin-bottom: 0cm;\"><span style=\"font-size: small;\">I. OFRECIDO POR COLABORADORES DEL PLAN LyB.<\/span><\/div>\n<div style=\"background-color: #f3f3f3; color: purple; font-family: inherit; margin-bottom: 0cm; margin-left: 1.91cm;\"><span style=\"font-size: small;\">CATEGOR\u00cdA A<\/span><\/div>\n<ol style=\"background-color: #f3f3f3; color: purple; font-family: inherit;\" type=\"I\">\n<ul>\n<li><span style=\"font-size: small;\"><br \/><\/span>\n<div style=\"margin-bottom: 0cm;\"><span style=\"font-size: small;\"><u>Romance del prisionero<\/u> \t\t(An\u00f3nimo)<\/span><\/div>\n<\/li>\n<p> <\/p>\n<li><span style=\"font-size: small;\"><br \/><\/span>\n<div style=\"margin-bottom: 0cm;\"><span style=\"font-size: small;\"><u>Retah\u00edla de la Dama del Alba \t\t<\/u>de Alejandro Casona.<\/span><\/div>\n<\/li>\n<p> <\/ul>\n<\/ol>\n<div style=\"background-color: #f3f3f3; color: purple; font-family: inherit; margin-bottom: 0cm; margin-left: 1.91cm;\"><span style=\"font-size: small;\">CATEGOR\u00cdA B<\/span><\/div>\n<ul style=\"background-color: #f3f3f3; color: purple; font-family: inherit;\">\n<li><span style=\"font-size: small;\"><br \/><\/span>\n<div style=\"margin-bottom: 0cm;\"><span style=\"font-size: small;\"><u>Salutaci\u00f3n del optimista<\/u> \t(selecci\u00f3n) de Rub\u00e9n Dar\u00edo.<\/span><\/div>\n<\/li>\n<p> <\/ul>\n<div style=\"background-color: #f3f3f3; color: purple; font-family: inherit; margin-bottom: 0cm;\"><span style=\"font-size: small;\">II. ELEGIDO LIBREMENTE POR EL ALUMNO.<\/span><\/div>\n<div style=\"background-color: #f3f3f3; color: purple; font-family: inherit; margin-bottom: 0cm;\"><span style=\"font-size: small;\"><br \/><\/span><\/div>\n<div style=\"background-color: #f3f3f3; color: purple; font-family: inherit; margin-bottom: 0cm;\"><span style=\"font-size: small;\"><b>B) LECTURA:<\/b><\/span><\/div>\n<div style=\"background-color: #f3f3f3; color: purple; font-family: inherit; margin-bottom: 0cm;\"><span style=\"font-size: small;\">I-       DE UN POEMA DETERMINADO:<\/span><\/div>\n<div style=\"background-color: #f3f3f3; color: purple; font-family: inherit; margin-bottom: 0cm;\"><span style=\"font-size: small;\">CATEGORIA A  <\/span><\/div>\n<ol style=\"background-color: #f3f3f3; color: purple; font-family: inherit;\" type=\"I\">\n<ul>\n<li><span style=\"font-size: small;\"><br \/><\/span>\n<div style=\"margin-bottom: 0cm;\"><span style=\"font-size: small;\">\u201cNanas de la cebolla\u201d de \t\tMiguel Hern\u00e1ndez en <u>Antolog\u00eda po\u00e9tica<\/u><\/span><\/div>\n<\/li>\n<p> <\/p>\n<li><span style=\"font-size: small;\"><br \/><\/span>\n<div style=\"margin-bottom: 0cm;\"><span style=\"font-size: small;\">\u201cA Margarita Debayle\u201d de \t\tRub\u00e9n Dar\u00edo.<\/span><\/div>\n<\/li>\n<p> <\/ul>\n<\/ol>\n<div style=\"background-color: #f3f3f3; color: purple; font-family: inherit; margin-bottom: 0cm; margin-left: 1.91cm;\"><span style=\"font-size: small;\">CATEGOR\u00cdA B<\/span><\/div>\n<ol style=\"background-color: #f3f3f3; color: purple; font-family: inherit;\" type=\"I\">\n<ul>\n<li><span style=\"font-size: small;\"><br \/><\/span>\n<div style=\"margin-bottom: 0cm;\"><span style=\"font-size: small;\">\u201cEleg\u00eda a Ram\u00f3n Sij\u00e9\u201d de \t\tMiguel Hernandez.<\/span><\/div>\n<\/li>\n<p> <\/p>\n<li><span style=\"font-size: small;\"><br \/><\/span>\n<div style=\"margin-bottom: 0cm;\"><span style=\"font-size: small;\">\u201cOda a It\u00e1lica\u201d (selecci\u00f3n) \t\tde Rodrigo Caro.<\/span><\/div>\n<\/li>\n<p> <\/ul>\n<\/ol>\n<ol start=\"2\" style=\"background-color: #f3f3f3; color: purple; font-family: inherit;\" type=\"I\">\n<li><span style=\"font-size: small;\"><br \/><\/span>\n<div style=\"margin-bottom: 0cm;\"><span style=\"font-size: small;\">DE RELATOS DE DIVERSOS G\u00c9NEROS \t(HUMOR\u00cdSTICO, FANT\u00c1STICO, ETC.).<\/span><\/div>\n<\/li>\n<p> <\/ol>\n<div style=\"background-color: #f3f3f3; color: purple; font-family: inherit; margin-bottom: 0cm; margin-left: 1.91cm;\"><span style=\"font-size: small;\">CATEGOR\u00cdA A<\/span><\/div>\n<ul style=\"background-color: #f3f3f3; color: purple; font-family: inherit;\">\n<li><span style=\"font-size: small;\"><br \/><\/span>\n<div style=\"margin-bottom: 0cm;\"><span style=\"font-size: small;\">\u201cLa luz es como el agua\u201d de G. \tGarc\u00eda M\u00e1rquez en <u>Los mejores relatos fant\u00e1sticos de habla \thispana<\/u>.<\/span><\/div>\n<\/li>\n<p> <\/p>\n<li><span style=\"font-size: small;\"><br \/><\/span>\n<div style=\"margin-bottom: 0cm;\"><span style=\"font-size: small;\">\u201cParis\u201d en <u>De los h\u00e9roes \tde la mitolog\u00eda<\/u> de C. Grenier.<\/span><\/div>\n<\/li>\n<p> <\/p>\n<li><span style=\"font-size: small;\"><br \/><\/span>\n<div style=\"margin-bottom: 0cm;\"><span style=\"font-size: small;\">\u201cCaperucita Roja\u201d de J. Finn \tGarner en <u>La Mona Risa. Los mejores relatos de humor<\/u>.<\/span><\/div>\n<\/li>\n<p> <\/ul>\n<div style=\"background-color: #f3f3f3; color: purple; font-family: inherit; margin-bottom: 0cm; margin-left: 1.91cm;\"><span style=\"font-size: small;\">CATEGOR\u00cdA B<\/span><\/div>\n<ul style=\"background-color: #f3f3f3; color: purple; font-family: inherit;\">\n<li><span style=\"font-size: small;\"><br \/><\/span>\n<div style=\"margin-bottom: 0cm;\"><span style=\"font-size: small;\">\u201cEl Altillo\u201d de M. Benedetti \ten <u>Cuentos sorprendentes<\/u>.<\/span><\/div>\n<\/li>\n<p> <\/p>\n<li><span style=\"font-size: small;\"><br \/><\/span>\n<div style=\"margin-bottom: 0cm;\"><span style=\"font-size: small;\">\u201cDinamarca, la del pollo Hamlet\u201d \tde E. Jardiel Poncela en <u>La Mona Risa. Los mejores relatos de \thumor<\/u>.<\/span><\/div>\n<\/li>\n<p> <\/p>\n<li><span style=\"font-size: small;\"><br \/><\/span>\n<div style=\"margin-bottom: 0cm;\"><span style=\"font-size: small;\"><u>Medea<\/u> (1021-1080) de \tEur\u00edpides.<\/span><\/div>\n<\/li>\n<p> <\/ul>\n<ol start=\"2\" style=\"background-color: #f3f3f3; color: purple; font-family: inherit;\" type=\"I\">\n<li><span style=\"font-size: small;\"><br \/><\/span>\n<div style=\"margin-bottom: 0cm;\"><span style=\"font-size: small;\">DE UN TEXTO ANDALUZ.<\/span><\/div>\n<\/li>\n<p> <\/ol>\n<div style=\"background-color: #f3f3f3; color: purple; font-family: inherit; margin-bottom: 0cm; margin-left: 0.64cm;\"><span style=\"font-size: small;\">CATEGORIA A<\/span><\/div>\n<ul style=\"background-color: #f3f3f3; color: purple; font-family: inherit;\">\n<li><span style=\"font-size: small;\"><br \/><\/span>\n<div style=\"margin-bottom: 0cm;\"><span style=\"font-size: small;\"><u>La sillita<\/u> de S. y J. \t\u00c1lvarez Quintero en <u>Entremeses<\/u>.<\/span><\/div>\n<\/li>\n<p> <\/ul>\n<div style=\"background-color: #f3f3f3; color: purple; font-family: inherit; margin-bottom: 0cm;\"><span style=\"font-size: small;\">CATEGOR\u00cdA B<\/span><\/div>\n<ul style=\"background-color: #f3f3f3; color: purple; font-family: inherit;\">\n<li><span style=\"font-size: small;\"><br \/><\/span>\n<div style=\"margin-bottom: 0cm;\"><span style=\"font-size: small;\"><u>Noviazgo, Boda y divorcio<\/u> \tde J. y S. \u00c1lvarez Quintero en Entremeses.<\/span><\/div>\n<\/li>\n<p> <\/ul>\n<ol start=\"2\" style=\"background-color: #f3f3f3; color: purple; font-family: inherit;\" type=\"I\">\n<li><span style=\"font-size: small;\"><br \/><\/span>\n<div style=\"margin-bottom: 0cm;\"><span style=\"font-size: small;\">DE UN PASAJE DE TEATRO.<\/span><\/div>\n<\/li>\n<p> <\/ol>\n<div style=\"background-color: #f3f3f3; color: purple; font-family: inherit; margin-bottom: 0cm; margin-left: 1.91cm;\"><span style=\"font-size: small;\">CATEGOR\u00cdA A<\/span><\/div>\n<ul style=\"background-color: #f3f3f3; color: purple; font-family: inherit;\">\n<li><span style=\"font-size: small;\"><br \/><\/span>\n<div style=\"margin-bottom: 0cm;\"><span style=\"font-size: small;\">Escena de <u>La zapatera \tprodigiosa<\/u> de F. Garc\u00eda Lorca.<\/span><\/div>\n<\/li>\n<p> <\/ul>\n<div style=\"background-color: #f3f3f3; color: purple; font-family: inherit; margin-bottom: 0cm; margin-left: 1.91cm;\"><span style=\"font-size: small;\">CATEGOR\u00cdA B<\/span><\/div>\n<ul style=\"background-color: #f3f3f3; color: purple; font-family: inherit;\">\n<li><span style=\"font-size: small;\"><br \/><\/span>\n<div style=\"margin-bottom: 0cm;\"><span style=\"font-size: small;\"><u>El maestro<\/u> de E. Ionesco<\/span><\/div>\n<\/li>\n<p> <\/ul>\n<ol start=\"2\" style=\"background-color: #f3f3f3; color: purple; font-family: inherit;\" type=\"I\">\n<li><span style=\"font-size: small;\"><br \/><\/span>\n<div style=\"margin-bottom: 0cm;\"><span style=\"font-size: small;\">DE CANCIONES.<\/span><\/div>\n<\/li>\n<p> <\/ol>\n<div style=\"background-color: #f3f3f3; color: purple; font-family: inherit; margin-bottom: 0cm; margin-left: 1.91cm;\"><span style=\"font-size: small;\">CATEGOR\u00cdA A<\/span><\/div>\n<ul style=\"background-color: #f3f3f3; color: purple; font-family: inherit;\">\n<li><span style=\"font-size: small;\"><br \/><\/span>\n<div style=\"margin-bottom: 0cm;\"><span style=\"font-size: small;\"><u>Malo<\/u> en <u>Pa fuera \ttelara\u00f1as<\/u> de Bebe.<\/span><\/div>\n<\/li>\n<p> <\/p>\n<li><span style=\"font-size: small;\"><br \/><\/span>\n<div style=\"margin-bottom: 0cm;\"><span style=\"font-size: small;\"><u>Mujer florero<\/u> de Ella Baila \tSola.<\/span><\/div>\n<\/li>\n<p> <\/p>\n<li><span style=\"font-size: small;\"><br \/><\/span>\n<div style=\"margin-bottom: 0cm;\"><span style=\"font-size: small;\"><u>No tienes coraz\u00f3n<\/u> en <u>Qu\u00e9 \tgrande es esto del amor<\/u> de caf\u00e9 Quijano.<\/span><\/div>\n<\/li>\n<p> <\/p>\n<li><span style=\"font-size: small;\"><br \/><\/span>\n<div style=\"margin-bottom: 0cm;\"><span style=\"font-size: small;\"><u>Contam\u00edname<\/u> en <u>Golosinas<\/u> \tde Pedro M. Guerra.<\/span><\/div>\n<\/li>\n<p> <\/ul>\n<div style=\"background-color: #f3f3f3; color: purple; font-family: inherit; margin-bottom: 0cm; margin-left: 1.91cm;\"><span style=\"font-size: small;\">CATEGOR\u00cdA B<\/span><\/div>\n<ul style=\"background-color: #f3f3f3; color: purple; font-family: inherit;\">\n<li><span style=\"font-size: small;\"><br \/><\/span>\n<div style=\"margin-bottom: 0cm;\"><span lang=\"en-GB\" style=\"font-size: small;\"><u>I\u00b4M A ROCK<\/u><\/span><span lang=\"en-GB\" style=\"font-size: small;\"> \tde Paul Simon.<\/span><\/div>\n<\/li>\n<p> <\/p>\n<li><span style=\"font-size: small;\"><br \/><\/span>\n<div style=\"margin-bottom: 0cm;\"><span lang=\"en-GB\" style=\"font-size: small;\"><u>YESTERDAY<\/u><\/span><span lang=\"en-GB\" style=\"font-size: small;\"> \tde The Beatles.<\/span><\/div>\n<\/li>\n<p> <\/p>\n<li><span style=\"font-size: small;\"><br \/><\/span>\n<div style=\"margin-bottom: 0cm;\"><span lang=\"en-GB\" style=\"font-size: small;\"><u>MR. \tTAMBOURINE MAN <\/u><\/span><span lang=\"en-GB\" style=\"font-size: small;\">de Bob Dylan.<\/span><\/div>\n<\/li>\n<p> <\/ul>\n<ol start=\"2\" style=\"background-color: #f3f3f3; color: purple; font-family: inherit;\" type=\"I\">\n<li><span style=\"font-size: small;\"><br \/><\/span>\n<div style=\"margin-bottom: 0cm;\"><span style=\"font-size: small;\">OTROS (NOTICIA, CARTA, DOCUMENTO, \tTEXTO CIENT\u00cdFICO):<\/span><\/div>\n<\/li>\n<p> <\/ol>\n<div style=\"background-color: #f3f3f3; color: purple; font-family: inherit; margin-bottom: 0cm; margin-left: 1.91cm;\"><span style=\"font-size: small;\">CATEGORIA A<\/span><\/div>\n<ul style=\"background-color: #f3f3f3; color: purple; font-family: inherit;\">\n<li><span style=\"font-size: small;\"><br \/><\/span>\n<div style=\"margin-bottom: 0cm;\"><span style=\"font-size: small;\">Carta del jefe indio Seattle a \tJames Monroe en 1819.<\/span><\/div>\n<\/li>\n<p> <\/p>\n<li><span style=\"font-size: small;\"><br \/><\/span>\n<div style=\"margin-bottom: 0cm;\"><span style=\"font-size: small;\">Discurso final de la pel\u00edcula \u201cEl \tgran dictador\u201d de Charles Chaplin.<\/span><\/div>\n<\/li>\n<p> <\/p>\n<li><span style=\"font-size: small;\"><br \/><\/span>\n<div style=\"margin-bottom: 0cm;\"><span style=\"font-size: small;\">Art\u00edculos de <i>El Pa\u00eds<\/i>:<\/span><\/div>\n<\/li>\n<p> <\/ul>\n<ol start=\"2\" style=\"background-color: #f3f3f3; color: purple; font-family: inherit;\" type=\"I\">\n<ol>\n<ol type=\"i\">\n<li><span style=\"font-size: small;\"><br \/><\/span>\n<div style=\"margin-bottom: 0cm;\"><span style=\"font-size: small;\"><u>Lecciones de igualdad.<\/u><\/span><\/div>\n<\/li>\n<p> <\/p>\n<li><span style=\"font-size: small;\"><br \/><\/span>\n<div style=\"margin-bottom: 0cm;\"><span style=\"font-size: small;\"><u>Querida anorexia.<\/u><\/span><\/div>\n<\/li>\n<p> <\/p>\n<li><span style=\"font-size: small;\"><br \/><\/span>\n<div style=\"margin-bottom: 0cm;\"><span style=\"font-size: small;\"><u>La generaci\u00f3n MP3, camino \t\t\tdel aislamiento.<\/u><\/span><\/div>\n<\/li>\n<p> <\/ol>\n<\/ol>\n<\/ol>\n<div style=\"background-color: #f3f3f3; color: purple; font-family: inherit; margin-bottom: 0cm;\"><span style=\"font-size: small;\">CATEGOR\u00cdA B<\/span><\/div>\n<ul style=\"background-color: #f3f3f3; color: purple; font-family: inherit;\">\n<li><span style=\"font-size: small;\"><br \/><\/span>\n<div style=\"margin-bottom: 0cm;\"><span style=\"font-size: small;\">Fragmento seleccionado de \t<u>Fundamentos de Filosof\u00eda<\/u> de Bertrand Russell.<\/span><\/div>\n<\/li>\n<p> <\/p>\n<li><span style=\"font-size: small;\"><br \/><\/span>\n<div style=\"margin-bottom: 0cm;\"><span style=\"font-size: small;\">Art\u00edculos de <i>El Pa\u00eds<\/i>:<\/span><\/div>\n<\/li>\n<p> <\/ul>\n<ul style=\"background-color: #f3f3f3; color: purple; font-family: inherit;\">\n<li><span style=\"font-size: small;\"><br \/><\/span>\n<div style=\"margin-bottom: 0cm;\"><span style=\"font-size: small;\"><u>Las c\u00e9lulas madre del cerebro \tpueden generar diversos tejidos.<\/u><\/span><\/div>\n<\/li>\n<p> <\/p>\n<li><span style=\"font-size: small;\"><br \/><\/span>\n<div style=\"margin-bottom: 0cm;\"><span style=\"font-size: small;\"><u>As\u00ed se estren\u00f3 la libertad.<\/u><\/span><\/div>\n<\/li>\n<p> <\/ul>\n<div style=\"color: purple; font-family: inherit; margin-bottom: 0cm;\"><span style=\"font-size: small;\"><br \/><\/span><\/div>\n<div style=\"color: purple; font-family: inherit; margin-bottom: 0cm;\"><span style=\"font-size: small;\"><b>III- BASES<\/b>:<\/span><\/div>\n<ol style=\"background-color: #eeeeee; color: purple; font-family: inherit;\">\n<li><span style=\"font-size: small;\"><br \/><\/span>\n<div style=\"margin-bottom: 0cm;\"><span style=\"font-size: small;\">LA INSCRIPCION SE REALIZAR\u00c1 DEL \t<b>22 DE MARZO AL 20 DE ABRIL<\/b>, POR ESCRITO EN MODELO QUE SE \tFACILITAR\u00c1 EN BIBLIOTECA.  \t<\/span><\/div>\n<\/li>\n<p> <\/p>\n<li><span style=\"font-size: small;\"><br \/><\/span>\n<div style=\"margin-bottom: 0cm;\"><span style=\"font-size: small;\">EL CONCURSO SE REALIZAR\u00c1 EN LA \t\u00daLTIMA SEMANA DEL MES DE ABRIL EN EL S.U.M.<\/span><\/div>\n<\/li>\n<p> <\/p>\n<li><span style=\"font-size: small;\"><br \/><\/span>\n<div style=\"margin-bottom: 0cm;\"><span style=\"font-size: small;\">SE VALORAR\u00c1 LA <b>CORRECTA \tVOCALIZACI\u00d3N, LA DEBIDA ENTONACI\u00d3N, E INCLUSO LA EMOCI\u00d3N<\/b> \tPUESTA EN LA LECTURA, DEPENDIENDO DEL TEXTO ELEGIDO.<\/span><\/div>\n<\/li>\n<p> <\/p>\n<li><span style=\"font-size: small;\"><br \/><\/span>\n<div style=\"margin-bottom: 0cm;\"><span style=\"font-size: small;\">EL JURADO ESTAR\u00c1 COMPUESTO POR \tMIEMBROS DEL EQUIPO DE COLABORADORES DEL PLAN LyB.<\/span><\/div>\n<\/li>\n<p> <\/p>\n<li><span style=\"font-size: small;\"><br \/><\/span>\n<div style=\"margin-bottom: 0cm;\"><span style=\"font-size: small;\">EL PREMIO PARA CADA MODALIDAD \tCONSISTIR\u00c1 EN UN VALE POR UN VALOR A DETERMINAR QUE PERMITIRA \tCOMPRAR EL LOTE DE LIBROS QUE EL ALUMN@ DESEE.<\/span><\/div>\n<\/li>\n<p> <\/p>\n<li><span style=\"font-size: small;\"><br \/><\/span>\n<div style=\"margin-bottom: 0cm;\"><span style=\"font-size: small;\">EL COORDINADOR DEL PLAN LyB \tFACILITAR\u00c1 LA ADQUISICI\u00d3N DEL TEXTO QUE EL ALUMN@ ELIJA.<\/span><\/div>\n<\/li>\n<p> <\/ol>\n","protected":false},"excerpt":{"rendered":"<p>EL GRUPO DE COLABORADORES DEL PLAN DE LECTURA Y BIBLIOTECA ORGANIZA: CONCURSO LITERARIO I- CATEGOR\u00cdAS 1.- CATEGORIA A: Alumn@s de &hellip; <\/p>\n","protected":false},"author":4,"featured_media":0,"comment_status":"open","ping_status":"open","sticky":false,"template":"","format":"standard","meta":{"footnotes":""},"categories":[6],"tags":[],"class_list":["post-390","post","type-post","status-publish","format-standard","hentry","category-concursos"],"_links":{"self":[{"href":"https:\/\/biblioteca.isidrodearceneguiycarmona.es\/index.php?rest_route=\/wp\/v2\/posts\/390","targetHints":{"allow":["GET"]}}],"collection":[{"href":"https:\/\/biblioteca.isidrodearceneguiycarmona.es\/index.php?rest_route=\/wp\/v2\/posts"}],"about":[{"href":"https:\/\/biblioteca.isidrodearceneguiycarmona.es\/index.php?rest_route=\/wp\/v2\/types\/post"}],"author":[{"embeddable":true,"href":"https:\/\/biblioteca.isidrodearceneguiycarmona.es\/index.php?rest_route=\/wp\/v2\/users\/4"}],"replies":[{"embeddable":true,"href":"https:\/\/biblioteca.isidrodearceneguiycarmona.es\/index.php?rest_route=%2Fwp%2Fv2%2Fcomments&post=390"}],"version-history":[{"count":0,"href":"https:\/\/biblioteca.isidrodearceneguiycarmona.es\/index.php?rest_route=\/wp\/v2\/posts\/390\/revisions"}],"wp:attachment":[{"href":"https:\/\/biblioteca.isidrodearceneguiycarmona.es\/index.php?rest_route=%2Fwp%2Fv2%2Fmedia&parent=390"}],"wp:term":[{"taxonomy":"category","embeddable":true,"href":"https:\/\/biblioteca.isidrodearceneguiycarmona.es\/index.php?rest_route=%2Fwp%2Fv2%2Fcategories&post=390"},{"taxonomy":"post_tag","embeddable":true,"href":"https:\/\/biblioteca.isidrodearceneguiycarmona.es\/index.php?rest_route=%2Fwp%2Fv2%2Ftags&post=390"}],"curies":[{"name":"wp","href":"https:\/\/api.w.org\/{rel}","templated":true}]}}