{"id":394,"date":"2010-01-28T17:38:00","date_gmt":"2010-01-28T17:38:00","guid":{"rendered":"http:\/\/new.isidrodearceneguiycarmona.es"},"modified":"2010-01-28T17:38:00","modified_gmt":"2010-01-28T17:38:00","slug":"394-2","status":"publish","type":"post","link":"https:\/\/biblioteca.isidrodearceneguiycarmona.es\/?p=394","title":{"rendered":""},"content":{"rendered":"<div style=\"color: purple;\"><span style=\"font-size: large;\">D\u00cdA INTERNACIONAL DE LA PAZ EN NUESTRO IES<\/span><\/div>\n<p>&nbsp;<span style=\"color: #674ea7; font-size: large;\">El Viernes 29 de Enero celebramos el d\u00eda internacional de la paz con una oferta variada:<\/span><\/p>\n<link href=\"file:\/\/\/C:%5CDOCUME%7E1%5CCOCODR%7E1%5CCONFIG%7E1%5CTemp%5Cmsohtml1%5C01%5Cclip_filelist.xml\" rel=\"File-List\"><\/link>\n<div style=\"font-family: &quot;Helvetica Neue&quot;,Arial,Helvetica,sans-serif;\"><span style=\"font-size: small;\"><b style=\"color: #c27ba0;\">1.- Acto Central<\/b><span style=\"color: #c27ba0;\">.<\/span> Lugar: Patio de la Fuente. Hora de comienzo: 11,45 horas.<o:p><\/o:p><\/span><\/div>\n<div style=\"font-family: &quot;Helvetica Neue&quot;,Arial,Helvetica,sans-serif;\"><\/div>\n<div style=\"font-family: inherit; margin-left: 36pt; text-indent: -18pt;\"><span style=\"font-size: small;\">&#8211;<span style=\"font-size-adjust: none; font-stretch: normal; font-style: normal; font-variant: normal; font-weight: normal; line-height: normal;\">&nbsp;&nbsp;&nbsp;&nbsp;&nbsp;&nbsp;&nbsp; <\/span>Palabras del Director del IES.<o:p><\/o:p><\/span><\/div>\n<div style=\"font-family: inherit; margin-left: 36pt; text-indent: -18pt;\"><span style=\"font-size: small;\">&#8211;<span style=\"font-size-adjust: none; font-stretch: normal; font-style: normal; font-variant: normal; font-weight: normal; line-height: normal;\">&nbsp;&nbsp;&nbsp;&nbsp;&nbsp;&nbsp;&nbsp; <\/span>Lectura de un manifiesto sobre la pobreza. Alumno\/a representante en el Consejo Escolar.<o:p><\/o:p><\/span><\/div>\n<div style=\"font-family: inherit; margin-left: 36pt; text-indent: -18pt;\"><span style=\"font-size: small;\">&#8211;<span style=\"font-size-adjust: none; font-stretch: normal; font-style: normal; font-variant: normal; font-weight: normal; line-height: normal;\">&nbsp;&nbsp;&nbsp;&nbsp;&nbsp;&nbsp;&nbsp; <\/span>Lectura de poemas. Alumnos\/as del I.E.S.<o:p><\/o:p><\/span><\/div>\n<div style=\"font-family: inherit; margin-left: 36pt; text-indent: -18pt;\"><span style=\"font-size: small;\">&#8211;<span style=\"font-size-adjust: none; font-stretch: normal; font-style: normal; font-variant: normal; font-weight: normal; line-height: normal;\">&nbsp;&nbsp;&nbsp;&nbsp;&nbsp;&nbsp;&nbsp; <\/span>Dibujar y decorar los poemas. (La exposici\u00f3n se realizar\u00e1 en el HAll del IES).<o:p><\/o:p><\/span><\/div>\n<div style=\"font-family: inherit; margin-left: 36pt; text-indent: -18pt;\"><a href=\"http:\/\/4.bp.blogspot.com\/_YKFw-Wn3qxk\/S2HKgKC0lWI\/AAAAAAAAAPs\/G405tViPKiE\/s1600-h\/GLOBO.jpg\" style=\"clear: right; float: right; margin-bottom: 1em; margin-left: 1em;\" target=\"_blank\"><img loading=\"lazy\" decoding=\"async\" border=\"0\" height=\"200\" src=\"http:\/\/4.bp.blogspot.com\/_YKFw-Wn3qxk\/S2HKgKC0lWI\/AAAAAAAAAPs\/G405tViPKiE\/s200\/GLOBO.jpg\" width=\"132\" \/><\/a><span style=\"font-size: small;\">&#8211;<span style=\"font-size-adjust: none; font-stretch: normal; font-style: normal; font-variant: normal; font-weight: normal; line-height: normal;\">&nbsp;&nbsp;&nbsp;&nbsp;&nbsp;&nbsp;&nbsp; <\/span>Suelta de Globos que representan los valores que queremos extender (globo verde), valores que queremos Expulsar del I.E.S. ( Globo negro).<o:p><\/o:p><\/span><\/div>\n<div style=\"font-family: inherit; margin-left: 36pt; text-indent: -18pt;\"><span style=\"font-size: small;\">&#8211;<span style=\"font-size-adjust: none; font-stretch: normal; font-style: normal; font-variant: normal; font-weight: normal; line-height: normal;\">&nbsp;&nbsp;&nbsp;&nbsp;&nbsp;&nbsp;&nbsp; <\/span>Suelta de palomas.<o:p><\/o:p><\/span><\/div>\n<div style=\"font-family: inherit; margin-left: 36pt; text-indent: -18pt;\"><span style=\"font-size: small;\">&#8211;<span style=\"font-size-adjust: none; font-stretch: normal; font-style: normal; font-variant: normal; font-weight: normal; line-height: normal;\">&nbsp;&nbsp;&nbsp;&nbsp;&nbsp;&nbsp;&nbsp; <\/span>Canci\u00f3n \u201cImagine\u201d 1\u00ba de ESO biling\u00fce.<o:p><\/o:p><\/span><\/div>\n<div style=\"font-family: inherit;\"><\/div>\n<div style=\"font-family: inherit;\"><span style=\"font-size: small;\"><b style=\"color: #6fa8dc;\">2.- Mural con lemas, mensajes <\/b>sobre los derechos humanos y derechos del ni\u00f1o, en Ingl\u00e9s, Franc\u00e9s y Espa\u00f1ol. (La exposici\u00f3n se realizar\u00e1 en los pasillos de abajo del IES) 1\u00ba ESO biling\u00fce.<o:p><\/o:p><\/span><\/div>\n<div style=\"font-family: inherit;\"><\/div>\n<div style=\"font-family: inherit;\"><span style=\"font-size: small;\"><span style=\"color: #93c47d;\">3.- Partido solidario entre profesores\/as y Alumnos\/as<\/span><span style=\"color: #93c47d;\">. <\/span>Lugar: pistas de atletismo. Se cobrar\u00e1 una entrada solidaria (voluntaria) que contribuir\u00e1 para apadrinar una ni\u00f1o\/a de Hait\u00ed.<o:p><\/o:p><\/span><\/div>\n<div style=\"font-family: inherit;\"><\/div>\n<div style=\"font-family: inherit;\"><span style=\"font-size: small;\"><span style=\"color: #b45f06;\">4.- Rastro Solidario<\/span><span style=\"color: #b45f06;\">.<\/span> Mi\u00e9rcoles 27, Jueves 28 y viernes 29. Lugar: SUM.&nbsp;<\/span><\/p>\n<div style=\"clear: both; text-align: center;\"><a href=\"http:\/\/1.bp.blogspot.com\/_YKFw-Wn3qxk\/S2HLj4vKLAI\/AAAAAAAAAP0\/L6wHMTalanw\/s1600-h\/paloma+paz.gif\" style=\"margin-left: 1em; margin-right: 1em;\" target=\"_blank\"><img decoding=\"async\" border=\"0\" src=\"http:\/\/1.bp.blogspot.com\/_YKFw-Wn3qxk\/S2HLj4vKLAI\/AAAAAAAAAP0\/L6wHMTalanw\/s320\/paloma+paz.gif\" \/><\/a><\/div>\n<p><span style=\"font-size: small;\"><o:p><\/o:p><\/span><\/div>\n<div style=\"font-family: inherit;\"><\/div>\n","protected":false},"excerpt":{"rendered":"<p>D\u00cdA INTERNACIONAL DE LA PAZ EN NUESTRO IES &nbsp;El Viernes 29 de Enero celebramos el d\u00eda internacional de la paz &hellip; <\/p>\n","protected":false},"author":4,"featured_media":0,"comment_status":"open","ping_status":"open","sticky":false,"template":"","format":"standard","meta":{"footnotes":""},"categories":[9],"tags":[],"class_list":["post-394","post","type-post","status-publish","format-standard","hentry","category-eventos"],"_links":{"self":[{"href":"https:\/\/biblioteca.isidrodearceneguiycarmona.es\/index.php?rest_route=\/wp\/v2\/posts\/394","targetHints":{"allow":["GET"]}}],"collection":[{"href":"https:\/\/biblioteca.isidrodearceneguiycarmona.es\/index.php?rest_route=\/wp\/v2\/posts"}],"about":[{"href":"https:\/\/biblioteca.isidrodearceneguiycarmona.es\/index.php?rest_route=\/wp\/v2\/types\/post"}],"author":[{"embeddable":true,"href":"https:\/\/biblioteca.isidrodearceneguiycarmona.es\/index.php?rest_route=\/wp\/v2\/users\/4"}],"replies":[{"embeddable":true,"href":"https:\/\/biblioteca.isidrodearceneguiycarmona.es\/index.php?rest_route=%2Fwp%2Fv2%2Fcomments&post=394"}],"version-history":[{"count":0,"href":"https:\/\/biblioteca.isidrodearceneguiycarmona.es\/index.php?rest_route=\/wp\/v2\/posts\/394\/revisions"}],"wp:attachment":[{"href":"https:\/\/biblioteca.isidrodearceneguiycarmona.es\/index.php?rest_route=%2Fwp%2Fv2%2Fmedia&parent=394"}],"wp:term":[{"taxonomy":"category","embeddable":true,"href":"https:\/\/biblioteca.isidrodearceneguiycarmona.es\/index.php?rest_route=%2Fwp%2Fv2%2Fcategories&post=394"},{"taxonomy":"post_tag","embeddable":true,"href":"https:\/\/biblioteca.isidrodearceneguiycarmona.es\/index.php?rest_route=%2Fwp%2Fv2%2Ftags&post=394"}],"curies":[{"name":"wp","href":"https:\/\/api.w.org\/{rel}","templated":true}]}}