{"id":395,"date":"2010-01-17T21:55:00","date_gmt":"2010-01-17T21:55:00","guid":{"rendered":"http:\/\/new.isidrodearceneguiycarmona.es"},"modified":"2010-01-17T21:55:00","modified_gmt":"2010-01-17T21:55:00","slug":"395-2","status":"publish","type":"post","link":"https:\/\/biblioteca.isidrodearceneguiycarmona.es\/?p=395","title":{"rendered":""},"content":{"rendered":"<div style=\"background-color: #9fc5e8;\"><span style=\"font-size: large;\">VISITA AL TEATRO<\/span><\/div>\n<p><\/p>\n<div style=\"background-color: #b6d7a8; text-align: justify;\">El pasado 14 de Enero los alumnos de 3\u00ba curso de la ESo acompa\u00f1ados por la profesora de Lengua y Literatura Lola Zamudio y el coordinador del Plan Lector y Dinamizaci\u00f3n de la Biblioteca Antonio Moyano acudieron a Sevilla para asistir a la adaptaci\u00f3n de la cl\u00e1sica obra del Lazarillo de Tormes en la facultad de la Polit\u00e9cnica sita en la calle Niebla(Triana). Con ocasi\u00f3n de tal evento aprovechamos tambi\u00e9n para realizar una ruta literaria dedicada a Cervantes, paseando por la barriada centrica del Arenal, calle Betis, adem\u00e1s de tipicas plazuelas sevillanas alrededor de la catedral.<\/div>\n<div style=\"background-color: #b6d7a8; text-align: justify;\"><\/div>\n<div style=\"clear: both; text-align: center;\"><\/div>\n<div style=\"clear: both; text-align: center;\"><\/div>\n<div style=\"clear: both; text-align: center;\"><a href=\"http:\/\/1.bp.blogspot.com\/_YKFw-Wn3qxk\/S1N4B3Ig57I\/AAAAAAAAAPE\/lbKwgWNPpgI\/s1600-h\/DSCI0520.JPG\" style=\"margin-left: 1em; margin-right: 1em;\" target=\"_blank\"><img loading=\"lazy\" decoding=\"async\" border=\"0\" height=\"240\" src=\"http:\/\/1.bp.blogspot.com\/_YKFw-Wn3qxk\/S1N4B3Ig57I\/AAAAAAAAAPE\/lbKwgWNPpgI\/s320\/DSCI0520.JPG\" width=\"296\" \/><\/a><a href=\"http:\/\/4.bp.blogspot.com\/_YKFw-Wn3qxk\/S1N5HU_BuqI\/AAAAAAAAAPM\/E6Ns4ozUQjE\/s1600-h\/DSCI0529.JPG\" style=\"margin-left: 1em; margin-right: 1em;\" target=\"_blank\"><img loading=\"lazy\" decoding=\"async\" border=\"0\" height=\"240\" src=\"http:\/\/4.bp.blogspot.com\/_YKFw-Wn3qxk\/S1N5HU_BuqI\/AAAAAAAAAPM\/E6Ns4ozUQjE\/s320\/DSCI0529.JPG\" width=\"308\" \/><\/a><\/div>\n<div style=\"clear: both; text-align: center;\"><a href=\"http:\/\/4.bp.blogspot.com\/_YKFw-Wn3qxk\/S1N_r4HnEOI\/AAAAAAAAAPc\/G5alN-SzpV0\/s1600-h\/DSCI0577.JPG\" style=\"margin-left: 1em; margin-right: 1em;\" target=\"_blank\"><img loading=\"lazy\" decoding=\"async\" border=\"0\" height=\"315\" src=\"http:\/\/4.bp.blogspot.com\/_YKFw-Wn3qxk\/S1N_r4HnEOI\/AAAAAAAAAPc\/G5alN-SzpV0\/s320\/DSCI0577.JPG\" width=\"308\" \/><\/a><\/div>\n<div style=\"clear: both; text-align: center;\"><a href=\"http:\/\/4.bp.blogspot.com\/_YKFw-Wn3qxk\/S1N72YWN4gI\/AAAAAAAAAPU\/FgMIQlauUNE\/s1600-h\/DSCI0558.JPG\" style=\"margin-left: 1em; margin-right: 1em;\" target=\"_blank\"><img loading=\"lazy\" decoding=\"async\" border=\"0\" height=\"320\" src=\"http:\/\/4.bp.blogspot.com\/_YKFw-Wn3qxk\/S1N72YWN4gI\/AAAAAAAAAPU\/FgMIQlauUNE\/s320\/DSCI0558.JPG\" width=\"295\" \/><\/a><a href=\"http:\/\/1.bp.blogspot.com\/_YKFw-Wn3qxk\/S1OCAaCuf2I\/AAAAAAAAAPk\/segv8FU-ZvE\/s1600-h\/DSCI0586.JPG\" style=\"margin-left: 1em; margin-right: 1em;\" target=\"_blank\"><img decoding=\"async\" border=\"0\" src=\"http:\/\/1.bp.blogspot.com\/_YKFw-Wn3qxk\/S1OCAaCuf2I\/AAAAAAAAAPk\/segv8FU-ZvE\/s320\/DSCI0586.JPG\" \/><\/a><\/div>\n<div style=\"background-color: #b6d7a8; text-align: justify;\"><\/div>\n","protected":false},"excerpt":{"rendered":"<p>VISITA AL TEATRO El pasado 14 de Enero los alumnos de 3\u00ba curso de la ESo acompa\u00f1ados por la profesora &hellip; <\/p>\n","protected":false},"author":4,"featured_media":0,"comment_status":"open","ping_status":"open","sticky":false,"template":"","format":"standard","meta":{"footnotes":""},"categories":[9],"tags":[],"class_list":["post-395","post","type-post","status-publish","format-standard","hentry","category-eventos"],"_links":{"self":[{"href":"https:\/\/biblioteca.isidrodearceneguiycarmona.es\/index.php?rest_route=\/wp\/v2\/posts\/395","targetHints":{"allow":["GET"]}}],"collection":[{"href":"https:\/\/biblioteca.isidrodearceneguiycarmona.es\/index.php?rest_route=\/wp\/v2\/posts"}],"about":[{"href":"https:\/\/biblioteca.isidrodearceneguiycarmona.es\/index.php?rest_route=\/wp\/v2\/types\/post"}],"author":[{"embeddable":true,"href":"https:\/\/biblioteca.isidrodearceneguiycarmona.es\/index.php?rest_route=\/wp\/v2\/users\/4"}],"replies":[{"embeddable":true,"href":"https:\/\/biblioteca.isidrodearceneguiycarmona.es\/index.php?rest_route=%2Fwp%2Fv2%2Fcomments&post=395"}],"version-history":[{"count":0,"href":"https:\/\/biblioteca.isidrodearceneguiycarmona.es\/index.php?rest_route=\/wp\/v2\/posts\/395\/revisions"}],"wp:attachment":[{"href":"https:\/\/biblioteca.isidrodearceneguiycarmona.es\/index.php?rest_route=%2Fwp%2Fv2%2Fmedia&parent=395"}],"wp:term":[{"taxonomy":"category","embeddable":true,"href":"https:\/\/biblioteca.isidrodearceneguiycarmona.es\/index.php?rest_route=%2Fwp%2Fv2%2Fcategories&post=395"},{"taxonomy":"post_tag","embeddable":true,"href":"https:\/\/biblioteca.isidrodearceneguiycarmona.es\/index.php?rest_route=%2Fwp%2Fv2%2Ftags&post=395"}],"curies":[{"name":"wp","href":"https:\/\/api.w.org\/{rel}","templated":true}]}}