{"id":404,"date":"2009-04-14T17:32:00","date_gmt":"2009-04-14T17:32:00","guid":{"rendered":"http:\/\/new.isidrodearceneguiycarmona.es"},"modified":"2020-09-19T10:24:11","modified_gmt":"2020-09-19T10:24:11","slug":"404-2","status":"publish","type":"post","link":"https:\/\/biblioteca.isidrodearceneguiycarmona.es\/?p=404","title":{"rendered":""},"content":{"rendered":"<p style=\"line-height: 20.65pt;\"><b style=\"\"><span><span  style=\"font-family:'lucida grande';\"><span style=\"color: rgb(102, 51, 51);\"><span  style=\"font-size:x-large;\">CERTAMEN LITERARIO VIL<\/span><\/span><\/span><span style=\"font-weight: normal; line-height: normal;\"><span style=\"font-weight: bold; line-height: 27px;\"><span  style=\"font-family:'lucida grande';\"><span style=\"color: rgb(102, 51, 51);\"><span  style=\"font-size:x-large;\">LA<\/span><\/span><\/span><span style=\"font-weight: normal; line-height: normal;\"><span style=\"font-weight: bold; line-height: 27px;\"><span  style=\"font-family:'lucida grande';\"><span style=\"color: rgb(102, 51, 51);\"><span  style=\"font-size:x-large;\"> DE MARCHENA<br \/><\/span><\/span><\/span><\/span><\/span><\/span><\/span><\/span><\/b><\/p>\n<p style=\"line-height: 20.65pt;\"><b style=\"\"><span><span style=\"font-weight: normal; line-height: normal;\"><span style=\"font-weight: bold; line-height: 27px;\"><span style=\"font-weight: normal; line-height: normal;\"><span style=\"font-weight: bold; line-height: 27px;\"><span style=\"line-height: normal;\"><span  style=\"font-family:'lucida grande';\"><span  style=\"font-size:x-large;\"><span style=\"color: rgb(102, 51, 51);\"><span  style=\"font-size:x-large;\">\u201cMEMORIAL ROSARIO MART\u00cdN\u201d<\/span><\/span><\/span><\/span><\/span><\/span><\/span><\/span><\/span><\/span><\/b><\/p>\n<p style=\"text-align: justify; line-height: 20.65pt;\"><b style=\"\"><span><span style=\"font-weight: normal; line-height: normal;\"><span style=\"font-weight: bold; line-height: 27px;\"><span style=\"font-weight: normal; line-height: normal;\"><span style=\"font-weight: bold; line-height: 27px;\"><span style=\"line-height: normal;\"><span  style=\"font-family:'lucida grande';\"><span  style=\"font-size:x-large;\"><span style=\"color: rgb(102, 51, 51);\"><span style=\"color: rgb(0, 0, 0); font-weight: normal; line-height: 22px;font-family:Georgia;font-size:16;\"><b><span style=\"\"><span style=\"color: rgb(153, 51, 0);\"><span style=\"color: rgb(0, 0, 0); font-weight: normal; line-height: normal;font-size:16;\"><img decoding=\"async\" src=\"http:\/\/3.bp.blogspot.com\/_YKFw-Wn3qxk\/SeTS4xK1BkI\/AAAAAAAAAI8\/0mYSd0QfqUg\/s400\/CERTAMEN.jpg\" \/><\/span><\/span><\/span><\/b><\/span><\/span><\/span><\/span><\/span><\/span><\/span><\/span><\/span><\/span><\/b><b style=\"\"><span><span style=\"font-weight: normal; line-height: normal;\"><span style=\"font-weight: bold; line-height: 27px;\"><span style=\"font-weight: normal; line-height: normal;\"><span style=\"font-weight: bold; line-height: 27px;\"><span style=\"line-height: normal;\"><span  style=\"font-family:'lucida grande';\"><span style=\"color: rgb(102, 51, 51);\"><span style=\"color: rgb(0, 0, 0); font-weight: normal; line-height: 22px;font-family:Georgia;\"><b><span style=\"\"><span style=\"color: rgb(153, 51, 0);\"><span  style=\"font-size:medium;\"><br \/><\/span><\/span><\/span><\/b><\/span><\/span><\/span><\/span><\/span><\/span><\/span><\/span><\/span><\/b><\/p>\n<p style=\"text-align: justify; line-height: 20.65pt;\"><b style=\"\"><span><span style=\"font-weight: normal; line-height: normal;\"><span style=\"font-weight: bold; line-height: 27px;\"><span style=\"font-weight: normal; line-height: normal;\"><span style=\"font-weight: bold; line-height: 27px;\"><span style=\"line-height: normal;\"><span  style=\"font-family:'lucida grande';\"><span style=\"color: rgb(102, 51, 51);\"><span style=\"color: rgb(0, 0, 0); font-weight: normal; line-height: 22px;font-family:Georgia;\"><b><span style=\"\"><span style=\"color: rgb(153, 51, 0);\"><span  style=\"font-size:medium;\">El<\/span><\/span><span style=\"\"><span style=\"color: rgb(153, 51, 0);\"><span  style=\"font-size:medium;\">   <\/span><\/span><\/span><span style=\"color: rgb(153, 51, 0);\"><span  style=\"font-size:medium;\">I.E.S.<\/span><\/span><span style=\"\"><span style=\"color: rgb(153, 51, 0);\"><span  style=\"font-size:medium;\">   <\/span><\/span><\/span><span style=\"color: rgb(153, 51, 0);\"><span  style=\"font-size:medium;\">Isidro<\/span><\/span><span style=\"\"><span style=\"color: rgb(153, 51, 0);\"><span  style=\"font-size:medium;\">   <\/span><\/span><\/span><span style=\"color: rgb(153, 51, 0);\"><span  style=\"font-size:medium;\">de<\/span><\/span><span style=\"\"><span style=\"color: rgb(153, 51, 0);\"><span  style=\"font-size:medium;\">   <\/span><\/span><\/span><span style=\"color: rgb(153, 51, 0);\"><span  style=\"font-size:medium;\">Arcenegui<\/span><\/span><span style=\"\"><span style=\"color: rgb(153, 51, 0);\"><span  style=\"font-size:medium;\">   <\/span><\/span><\/span><span style=\"color: rgb(153, 51, 0);\"><span  style=\"font-size:medium;\">y<\/span><\/span><span style=\"\"><span style=\"color: rgb(153, 51, 0);\"><span  style=\"font-size:medium;\">   <\/span><\/span><\/span><span style=\"color: rgb(153, 51, 0);\"><span  style=\"font-size:medium;\">Carmona<\/span><\/span><span style=\"\"><span style=\"color: rgb(153, 51, 0);\"><span  style=\"font-size:medium;\">   <\/span><\/span><\/span><span style=\"color: rgb(153, 51, 0);\"><span  style=\"font-size:medium;\">de<\/span><\/span><span style=\"\"><span style=\"color: rgb(153, 51, 0);\"><span  style=\"font-size:medium;\">   <\/span><\/span><\/span><span style=\"color: rgb(153, 51, 0);\"><span  style=\"font-size:medium;\">Marchena,<\/span><\/span><span style=\"\"><span style=\"color: rgb(153, 51, 0);\"><span  style=\"font-size:medium;\">   <\/span><\/span><\/span><span style=\"color: rgb(153, 51, 0);\"><span  style=\"font-size:medium;\">organiza<\/span><\/span><span style=\"\"><span style=\"color: rgb(153, 51, 0);\"><span  style=\"font-size:medium;\">   <\/span><\/span><\/span><span style=\"color: rgb(153, 51, 0);\"><span  style=\"font-size:medium;\">en <\/span><\/span><\/span><\/b><b><span style=\"\"><span style=\"color: rgb(153, 51, 0);\"><span  style=\"font-size:medium;\">colaboraci\u00f3n con el Excmo. Ayuntamiento de Marchena y <\/span><\/span><st1:personname product st=\"on\"><span style=\"color: rgb(153, 51, 0);\"><span  style=\"font-size:medium;\">la Diputaci\u00f3n<\/span><\/span><span style=\"font-weight: normal;\"><span style=\"color: rgb(153, 51, 0);\"><span  style=\"font-size:medium;\"> <\/span><\/span><\/span><span style=\"color: rgb(153, 51, 0);\"><span  style=\"font-size:medium;\">de<\/span><\/span><span style=\"\"><span style=\"color: rgb(153, 51, 0);\"><span  style=\"font-size:medium;\">   <\/span><\/span><\/span><span style=\"color: rgb(153, 51, 0);\"><span  style=\"font-size:medium;\">Sevilla<\/span><\/span><span style=\"\"><span style=\"color: rgb(153, 51, 0);\"><span  style=\"font-size:medium;\">   <\/span><\/span><\/span><span style=\"color: rgb(153, 51, 0);\"><span  style=\"font-size:medium;\">el<\/span><\/span><span style=\"\"><span style=\"color: rgb(153, 51, 0);\"><span  style=\"font-size:medium;\">   <\/span><\/span><\/span><span style=\"color: rgb(153, 51, 0);\"><span  style=\"font-size:medium;\">\u201cIX<\/span><\/span><span style=\"\"><span style=\"color: rgb(153, 51, 0);\"><span  style=\"font-size:medium;\">   <\/span><\/span><\/span><span style=\"color: rgb(153, 51, 0);\"><span  style=\"font-size:medium;\">CERTAMEN<\/span><\/span><span style=\"\"><span style=\"color: rgb(153, 51, 0);\"><span  style=\"font-size:medium;\">   <\/span><\/span><\/span><span style=\"color: rgb(153, 51, 0);\"><span  style=\"font-size:medium;\">LITERARIO<\/span><\/span><span style=\"\"><span style=\"color: rgb(153, 51, 0);\"><span  style=\"font-size:medium;\">   <\/span><\/span><\/span><span style=\"color: rgb(153, 51, 0);\"><span  style=\"font-size:medium;\">VILLA<\/span><\/span><span style=\"\"><span style=\"color: rgb(153, 51, 0);\"><span  style=\"font-size:medium;\">   <\/span><\/span><\/span><span style=\"color: rgb(153, 51, 0);\"><span  style=\"font-size:medium;\">DE<\/span><\/span><span style=\"\"><span style=\"color: rgb(153, 51, 0);\"><span  style=\"font-size:medium;\">   <\/span><\/span><\/span><span style=\"color: rgb(153, 51, 0);\"><span  style=\"font-size:medium;\">MARCHENA, <\/span><\/span><span style=\"line-height: normal;\"><span style=\"color: rgb(153, 51, 0);\"><span  style=\"font-size:medium;\">MEMORIAL ROSARIO MART\u00cdN\u201d. <\/span><\/span><\/span><\/st1:personname><\/span><\/b><\/span><\/span><\/span><\/span><\/span><\/span><\/span><\/span><\/span><\/b><\/p>\n<p style=\"text-align: justify; line-height: 20.65pt;\"><b style=\"\"><span><span style=\"font-weight: normal; line-height: normal;\"><span style=\"font-weight: bold; line-height: 27px;\"><span style=\"font-weight: normal; line-height: normal;\"><span style=\"font-weight: bold; line-height: 27px;\"><span style=\"line-height: normal;\"><span  style=\"font-family:'lucida grande';\"><span style=\"color: rgb(102, 51, 51);\"><span style=\"color: rgb(0, 0, 0); font-weight: normal; line-height: 22px;font-family:Georgia;\"><b><span style=\"\"><st1:personname product st=\"on\"><span style=\"line-height: normal;\"><span style=\"font-weight: normal;\"><span style=\"color: rgb(153, 51, 0);\"><span  style=\"font-size:medium;\">En esta edici\u00f3n, se ha establecido el PREMIO EXTRAORDINARIO PARA POES\u00cdA &#8220;ANTONIO SALVAGO&#8221; para mayores de 18 a\u00f1os, de 500 euros para el primer premio y de 200 euros para el segundo premio. <span style=\"color: rgb(0, 0, 0); line-height: 24px;\"><span style=\"color: rgb(153, 51, 0);\">El plazo de presentaci\u00f3n de los trabajos finaliza el pr\u00f3ximo d\u00eda 15 de mayo de 2009. <\/span><span style=\"line-height: normal;\"><span style=\"color: rgb(153, 51, 0);\">Se presentar\u00e1n mediante su env\u00edo por correo electr\u00f3nico a la siguiente direcci\u00f3n:<span style=\"color: rgb(0, 0, 0);\"><span style=\"color: rgb(153, 51, 0);\"> <\/span><span style=\"font-weight: bold;\"><span style=\"color: rgb(153, 51, 0);\">certlitvillademarchena@yahoo.es<\/span><\/span><\/span><\/span><\/span><\/span><\/span><\/span><\/span><\/span><\/st1:personname><\/span><\/b><\/span><\/span><\/span><\/span><\/span><\/span><\/span><\/span><\/span><\/b><\/p>\n<p style=\"text-align: justify; line-height: 20.65pt;\"><b style=\"\"><span><span style=\"font-weight: normal; line-height: normal;\"><span style=\"font-weight: bold; line-height: 27px;\"><span style=\"font-weight: normal; line-height: normal;\"><span style=\"font-weight: bold; line-height: 27px;\"><span style=\"line-height: normal;\"><span  style=\"font-family:'lucida grande';\"><span style=\"color: rgb(102, 51, 51);\"><span style=\"color: rgb(0, 0, 0); font-weight: normal; line-height: 22px;font-family:Georgia;\"><b><span style=\"\"><st1:personname product st=\"on\"><span style=\"line-height: normal;\"><span style=\"font-weight: normal;\"><span style=\"color: rgb(153, 51, 0);\"><span  style=\"font-size:medium;\"><span style=\"color: rgb(0, 0, 0); line-height: 24px;\"><span style=\"line-height: normal;\"><span style=\"color: rgb(153, 51, 0);\"><span style=\"color: rgb(0, 0, 0);\"><span style=\"font-weight: bold;\"><span style=\"color: rgb(153, 51, 0);\">El plazo de presentaci\u00f3n de los trabajos finaliza el pr\u00f3ximo d\u00eda 15 de Mayo de 2009. El fallo del jurado se publicar\u00e1 el d\u00eda 5 de junio. La entrega de premios se organizar\u00e1 el 16 de junio en el IES Isidro de Arcenegui y Carmona.<\/span><\/span><\/span><\/span><\/span><\/span><\/span><\/span><\/span><\/span><\/st1:personname><\/span><\/b><\/span><\/span><\/span><\/span><\/span><\/span><\/span><\/span><\/span><\/b><\/p>\n<div>\n<p style=\"text-align: justify; margin-left: 23.3pt; line-height: 16.65pt;\"><span style=\"color: rgb(153, 51, 0); font-weight: bold; line-height: normal;\"><br \/><\/span><\/p>\n<p style=\"text-align: justify; margin-left: 23.3pt; line-height: 16.65pt;\"><span style=\"color: rgb(153, 51, 0); font-weight: bold; line-height: normal;\">ORGANIZA:<\/span><\/p>\n<p style=\"text-align: justify; margin-left: 23.3pt; line-height: 16.65pt;\"><span style=\"line-height: normal;\"><span style=\"line-height: 24px;\"><span style=\"line-height: normal;\"><span style=\"color: rgb(153, 51, 0);\"><span style=\"color: rgb(0, 0, 0);\"><span  style=\"font-size:medium;\"><img decoding=\"async\" src=\"http:\/\/2.bp.blogspot.com\/_YKFw-Wn3qxk\/SeTO3uaN8tI\/AAAAAAAAAI0\/zKDmCXWbhrI\/s320\/IAC+copy.jpg\" \/><\/span><\/span><\/span><\/span><\/span><\/span><\/p>\n<p style=\"text-align: justify; margin-left: 23.3pt; line-height: 16.65pt;\"><span style=\"line-height: normal;\"><span style=\"line-height: 24px;\"><span style=\"line-height: normal;\"><span style=\"color: rgb(153, 51, 0);\"><span  style=\"font-size:medium;\">Puedes decargar en pdf todo lo concerniente a nuestro <\/span><\/span><span style=\"color: rgb(153, 51, 0);\"><span  style=\"font-size:medium;\"><a href=\"http:\/\/mail.google.com\/mail\/?ui=2&amp;ik=30f10864a5&amp;view=att&amp;th=120a439041987dc3&amp;attid=0.2&amp;disp=attd&amp;zw\" target=\"_blank\">certamen literario <\/a><a href=\"http:\/\/mail.google.com\/mail\/?ui=2&amp;ik=30f10864a5&amp;view=att&amp;th=120a439041987dc3&amp;attid=0.2&amp;disp=attd&amp;zw\" target=\"_blank\">aqu\u00ed.<\/a><\/span><\/span><\/span><\/span><\/span><\/p>\n<p style=\"text-align: justify; margin-left: 23.3pt; line-height: 16.65pt;\"><span style=\"line-height: normal;\"><span style=\"color: rgb(153, 51, 0);\"><span  style=\"font-size:medium;\">M\u00e1s informaci\u00f3n en pdf sobre las <span style=\"color: rgb(153, 51, 0);\"><a href=\"http:\/\/mail.google.com\/mail\/?ui=2&amp;ik=30f10864a5&amp;view=att&amp;th=120a439041987dc3&amp;attid=0.1&amp;disp=attd&amp;zw\" target=\"_blank\">bases aqu\u00ed, <\/a><\/span><\/span><\/span><\/span><\/p>\n<p style=\"text-align: justify; margin-left: 23.3pt; line-height: 16.65pt;\"><span style=\"line-height: normal;\"><span style=\"color: rgb(153, 51, 0);\"><span  style=\"font-size:medium;\"><span style=\"color: rgb(153, 51, 0);\">o bien en la direcci\u00f3n:<\/span><\/span><\/span><\/span><\/p>\n<p style=\"text-align: justify; margin-left: 23.3pt; line-height: 16.65pt;\"><span style=\"color: rgb(153, 51, 0); line-height: normal;\">http:\/\/www.isidroarcenegui.com<\/span><\/p>\n<p style=\"text-align: justify; margin-left: 23.3pt; line-height: 16.65pt;\"><\/p>\n<\/div>\n","protected":false},"excerpt":{"rendered":"<p>CERTAMEN LITERARIO VILLA DE MARCHENA \u201cMEMORIAL ROSARIO MART\u00cdN\u201d El I.E.S. Isidro de Arcenegui y Carmona de Marchena, organiza en colaboraci\u00f3n &hellip; <\/p>\n","protected":false},"author":4,"featured_media":0,"comment_status":"open","ping_status":"open","sticky":false,"template":"","format":"standard","meta":{"footnotes":""},"categories":[6],"tags":[],"class_list":["post-404","post","type-post","status-publish","format-standard","hentry","category-concursos"],"_links":{"self":[{"href":"https:\/\/biblioteca.isidrodearceneguiycarmona.es\/index.php?rest_route=\/wp\/v2\/posts\/404","targetHints":{"allow":["GET"]}}],"collection":[{"href":"https:\/\/biblioteca.isidrodearceneguiycarmona.es\/index.php?rest_route=\/wp\/v2\/posts"}],"about":[{"href":"https:\/\/biblioteca.isidrodearceneguiycarmona.es\/index.php?rest_route=\/wp\/v2\/types\/post"}],"author":[{"embeddable":true,"href":"https:\/\/biblioteca.isidrodearceneguiycarmona.es\/index.php?rest_route=\/wp\/v2\/users\/4"}],"replies":[{"embeddable":true,"href":"https:\/\/biblioteca.isidrodearceneguiycarmona.es\/index.php?rest_route=%2Fwp%2Fv2%2Fcomments&post=404"}],"version-history":[{"count":2,"href":"https:\/\/biblioteca.isidrodearceneguiycarmona.es\/index.php?rest_route=\/wp\/v2\/posts\/404\/revisions"}],"predecessor-version":[{"id":847,"href":"https:\/\/biblioteca.isidrodearceneguiycarmona.es\/index.php?rest_route=\/wp\/v2\/posts\/404\/revisions\/847"}],"wp:attachment":[{"href":"https:\/\/biblioteca.isidrodearceneguiycarmona.es\/index.php?rest_route=%2Fwp%2Fv2%2Fmedia&parent=404"}],"wp:term":[{"taxonomy":"category","embeddable":true,"href":"https:\/\/biblioteca.isidrodearceneguiycarmona.es\/index.php?rest_route=%2Fwp%2Fv2%2Fcategories&post=404"},{"taxonomy":"post_tag","embeddable":true,"href":"https:\/\/biblioteca.isidrodearceneguiycarmona.es\/index.php?rest_route=%2Fwp%2Fv2%2Ftags&post=404"}],"curies":[{"name":"wp","href":"https:\/\/api.w.org\/{rel}","templated":true}]}}