{"id":516,"date":"2018-11-05T21:50:49","date_gmt":"2018-11-05T21:50:49","guid":{"rendered":"http:\/\/biblioteca.isidrodearceneguiycarmona.es\/?p=516"},"modified":"2018-11-21T20:32:12","modified_gmt":"2018-11-21T20:32:12","slug":"el-asedio-de-perez-reverte","status":"publish","type":"post","link":"https:\/\/biblioteca.isidrodearceneguiycarmona.es\/?p=516","title":{"rendered":"EL ASEDIO, DE P\u00c9REZ REVERTE"},"content":{"rendered":"<h3 style=\"text-align: center;\">Ha llegado a nuestra biblioteca una de las mejores novelas hist\u00f3ricas de Arturo P\u00e9rez Reverte: <strong>El asedio<\/strong>.<\/h3>\n<p style=\"text-align: center;\">Resumen: C\u00e1diz, 1811. Espa\u00f1a lucha por su independencia. En las calles de la ciudad m\u00e1s liberal de Europa se libran batallas de otra \u00edndole. Mujeres j\u00f3venes aparecen desolladas a latigazos. En cada lugar, antes del hallazgo del cad\u00e1ver, ha ca\u00eddo una bomba francesa. Eso traza sobre la ciudad un mapa superpuesto y siniestro: un complejo tablero de ajedrez donde la mano de un jugador oculto \u2014un asesino despiadado, el azar, las curvas de artiller\u00eda, la direcci\u00f3n de los vientos, el c\u00e1lculo de probabilidades\u2014 mueve piezas que deciden el destino de los protagonistas: un polic\u00eda corrupto y brutal, la heredera de una importante casa comercial gaditana, un capit\u00e1n corsario de pocos escr\u00fapulos, un taxidermista mis\u00e1ntropo y esp\u00eda, un enternecedor guerrillero de las salinas y un exc\u00e9ntrico artillero a quien las guerras importan menos que resolver el problema t\u00e9cnico del corto alcance de sus obuses. El asedio narra el fin de una \u00e9poca y unos personajes condenados por la Historia, sentenciados a un vida que, como la ciudad que los alberga \u2014una C\u00e1diz equ\u00edvoca, enigm\u00e1tica, s\u00f3lo en apariencia luminosa y blanca\u2014, nunca volver\u00e1 a ser la misma.<\/p>\n<p><img loading=\"lazy\" decoding=\"async\" class=\"size-medium wp-image-517 aligncenter\" src=\"http:\/\/biblioteca.isidrodearceneguiycarmona.es\/wp-content\/uploads\/2018\/11\/libro_1354442812-188x300.jpg\" alt=\"\" width=\"188\" height=\"300\" srcset=\"https:\/\/biblioteca.isidrodearceneguiycarmona.es\/wp-content\/uploads\/2018\/11\/libro_1354442812-188x300.jpg 188w, https:\/\/biblioteca.isidrodearceneguiycarmona.es\/wp-content\/uploads\/2018\/11\/libro_1354442812.jpg 443w\" sizes=\"auto, (max-width: 188px) 100vw, 188px\" \/><\/p>\n","protected":false},"excerpt":{"rendered":"<p>Ha llegado a nuestra biblioteca una de las mejores novelas hist\u00f3ricas de Arturo P\u00e9rez Reverte: El asedio. Resumen: C\u00e1diz, 1811. &hellip; <\/p>\n","protected":false},"author":3,"featured_media":0,"comment_status":"open","ping_status":"open","sticky":false,"template":"","format":"standard","meta":{"footnotes":""},"categories":[5],"tags":[],"class_list":["post-516","post","type-post","status-publish","format-standard","hentry","category-coleccion"],"_links":{"self":[{"href":"https:\/\/biblioteca.isidrodearceneguiycarmona.es\/index.php?rest_route=\/wp\/v2\/posts\/516","targetHints":{"allow":["GET"]}}],"collection":[{"href":"https:\/\/biblioteca.isidrodearceneguiycarmona.es\/index.php?rest_route=\/wp\/v2\/posts"}],"about":[{"href":"https:\/\/biblioteca.isidrodearceneguiycarmona.es\/index.php?rest_route=\/wp\/v2\/types\/post"}],"author":[{"embeddable":true,"href":"https:\/\/biblioteca.isidrodearceneguiycarmona.es\/index.php?rest_route=\/wp\/v2\/users\/3"}],"replies":[{"embeddable":true,"href":"https:\/\/biblioteca.isidrodearceneguiycarmona.es\/index.php?rest_route=%2Fwp%2Fv2%2Fcomments&post=516"}],"version-history":[{"count":1,"href":"https:\/\/biblioteca.isidrodearceneguiycarmona.es\/index.php?rest_route=\/wp\/v2\/posts\/516\/revisions"}],"predecessor-version":[{"id":518,"href":"https:\/\/biblioteca.isidrodearceneguiycarmona.es\/index.php?rest_route=\/wp\/v2\/posts\/516\/revisions\/518"}],"wp:attachment":[{"href":"https:\/\/biblioteca.isidrodearceneguiycarmona.es\/index.php?rest_route=%2Fwp%2Fv2%2Fmedia&parent=516"}],"wp:term":[{"taxonomy":"category","embeddable":true,"href":"https:\/\/biblioteca.isidrodearceneguiycarmona.es\/index.php?rest_route=%2Fwp%2Fv2%2Fcategories&post=516"},{"taxonomy":"post_tag","embeddable":true,"href":"https:\/\/biblioteca.isidrodearceneguiycarmona.es\/index.php?rest_route=%2Fwp%2Fv2%2Ftags&post=516"}],"curies":[{"name":"wp","href":"https:\/\/api.w.org\/{rel}","templated":true}]}}