{"id":534,"date":"2018-12-02T20:01:05","date_gmt":"2018-12-02T20:01:05","guid":{"rendered":"http:\/\/biblioteca.isidrodearceneguiycarmona.es\/?p=534"},"modified":"2018-12-02T20:01:05","modified_gmt":"2018-12-02T20:01:05","slug":"club-de-lectura","status":"publish","type":"post","link":"https:\/\/biblioteca.isidrodearceneguiycarmona.es\/?p=534","title":{"rendered":"CLUB DE LECTURA"},"content":{"rendered":"<p>El jueves 22 de Noviembre por la tarde tuvimos una sesi\u00f3n muy fruct\u00edfera en la biblioteca p\u00fablica para tratar de desmenuzar la novela existencialista &#8220;Nada&#8221; de Janne Teller, a tenor de los comentarios hechos por los alumnos de 1\u00ba de Bachillerato que asistieron a dicha reuni\u00f3n. Con ellos tambi\u00e9n estuvieron Eva Romero, profesora de lengua, y M\u00aa\u00c1ngeles pe\u00f1a, profesora de filosof\u00eda, adem\u00e1s de un servidor.&nbsp;<\/p>\n<p><img loading=\"lazy\" decoding=\"async\" class=\"alignnone size-medium wp-image-537\" src=\"http:\/\/biblioteca.isidrodearceneguiycarmona.es\/wp-content\/uploads\/2018\/12\/IMG_20181122_194810-300x169.jpg\" alt=\"\" width=\"300\" height=\"169\" srcset=\"https:\/\/biblioteca.isidrodearceneguiycarmona.es\/wp-content\/uploads\/2018\/12\/IMG_20181122_194810-300x169.jpg 300w, https:\/\/biblioteca.isidrodearceneguiycarmona.es\/wp-content\/uploads\/2018\/12\/IMG_20181122_194810-768x432.jpg 768w, https:\/\/biblioteca.isidrodearceneguiycarmona.es\/wp-content\/uploads\/2018\/12\/IMG_20181122_194810-1024x576.jpg 1024w, https:\/\/biblioteca.isidrodearceneguiycarmona.es\/wp-content\/uploads\/2018\/12\/IMG_20181122_194810-678x381.jpg 678w\" sizes=\"auto, (max-width: 300px) 100vw, 300px\" \/><\/p>\n<p><strong>Natalia Garc\u00eda Romero de 1\u00ba Bach.B :<\/strong><\/p>\n<p>&#8220;Comenzamos el foro con la aportaci\u00f3n de ideas del bibliotecario, que opinaba sobre la sociedad actual y el miedo que le produce pensar que (\u2026) cada vez hay menos comunicaci\u00f3n oral entre las personas (\u2026)<\/p>\n<p>(\u2026)Para finalizar, quise preguntar a los profesores presentes sobre su opini\u00f3n del libro, ya que Eva antes de que empez\u00e1ramos a leerlo nos dijo que seg\u00fan la edad que tuvi\u00e9ramos, lo ver\u00edamos desde una perspectiva u otra (\u2026)Su respuesta fue que ten\u00eda miedo ya que no quer\u00eda que sus alumnos abandonaran los estudios por pensar como Pierre Anthon, que nada tiene sentido. Ella intenta hacer de nosotros personas v\u00e1lidas y que en un futuro pr\u00f3ximo podamos trabajar en lo que realmente nos gusta. \u201cNo dej\u00e9is nunca de luchar por vuestro objetivo&#8221;.<\/p>\n<p><strong>Mois\u00e9s Baco M\u00e1rquez de 1\u00ba Bach B:<\/strong><\/p>\n<p>\u201cUn foro como el de ayer enriquece a las personas que acuden a \u00e9l, pues todos aportan un poco de sus ideas y entre todos se puede mejorar o cambiar la idea que ten\u00edas antes de ir al foro del libro que se comenta, adem\u00e1s que se pasa un buen rato y se aprende mucho unos de los otros.\u201d<\/p>\n<p><strong>Iv\u00e1n Sedano Macho de 1 Bach. A:<\/strong><\/p>\n<p>\u201c (\u2026) As\u00ed empez\u00f3 nuestra &#8220;tertulia\u00b4\u00b4, con un breve resumen, y a la que me gust\u00f3 asistir porque en parte no entend\u00eda bien el significado de este libro, pero poco a poco fuimos desgran\u00e1ndolo, dando nuestros puntos de vista y contando nuestras sensaciones, como si est\u00e1bamos de acuerdo con los argumentos de Pierre Anthon (\u2026)<\/p>\n<p>&#8220;(\u2026), este tipo de actividades me gustan mucho ya que podemos aprender mutuamente y pudimos sacar la verdadera esencia que tiene el libro &#8220;Nada\u00b4\u00b4 entre todos, gracias a aportaciones que hac\u00edan profesores y el propio bibliotecario.\u201d<\/p>\n<p><strong>M\u00aa Isabel Carmona Bono de 1\u00ba Bach A:<\/strong><\/p>\n<p>\u201cNada es un libro muy rico en tem\u00e1ticas, desde el evidente existencialismo, el nihilismo, as\u00ed como la soledad, la inadaptaci\u00f3n, la frustraci\u00f3n, la muerte\u2026 Inclusive el arte moderno y la gradaci\u00f3n en crescendo de la frialdad del ser humano. La novela expresa el malestar social a trav\u00e9s del \u00e1mbito personal, utilizando personajes marginales o desorientados.<\/p>\n<p>All\u00ed en la charla pudimos poner en la mesa todos estos temas, as\u00ed como la reflexi\u00f3n que nos hac\u00eda ver que los personajes del libro estaban tan bien definidos porque representaban las clases de personas est\u00e1ndares de nuestra sociedad actual, como Pierre Anthon, que por una sobredosis de conocimientos nihilistas ya no sab\u00eda qu\u00e9 creer y casi roza con la locura (\u201cten\u00eda la mirada perdida\u201d), siente un vac\u00edo en el pecho que no se llena con nada. \u00a1NADA!<\/p>\n<p>Un buen libro digno de recomendar, a no ser si vas a la biblioteca en segundo de ESO y le cuestionas a un bibliotecario llamado Antonio Moyano sobre un libro que tenga inter\u00e9s, y con pura felicidad infantil, este d\u00edcele: Pues l\u00e9ete Nada, \u00a1es un libro muy guay!<\/p>\n<p>A\u00f1os m\u00e1s tarde, en Bachillerato, \u00e9l recomienda y advierte que quien tuviera f\u00e1cil depresi\u00f3n no se lea el libro. A\u00fan as\u00ed, fue un acto brav\u00edsimo.\u201d Saludos, Pierrina Anthonina.\u201d<\/p>\n<p>&nbsp;<\/p>\n","protected":false},"excerpt":{"rendered":"<p>El jueves 22 de Noviembre por la tarde tuvimos una sesi\u00f3n muy fruct\u00edfera en la biblioteca p\u00fablica para tratar de &hellip; <\/p>\n","protected":false},"author":3,"featured_media":0,"comment_status":"open","ping_status":"open","sticky":false,"template":"","format":"standard","meta":{"footnotes":""},"categories":[9],"tags":[],"class_list":["post-534","post","type-post","status-publish","format-standard","hentry","category-eventos"],"_links":{"self":[{"href":"https:\/\/biblioteca.isidrodearceneguiycarmona.es\/index.php?rest_route=\/wp\/v2\/posts\/534","targetHints":{"allow":["GET"]}}],"collection":[{"href":"https:\/\/biblioteca.isidrodearceneguiycarmona.es\/index.php?rest_route=\/wp\/v2\/posts"}],"about":[{"href":"https:\/\/biblioteca.isidrodearceneguiycarmona.es\/index.php?rest_route=\/wp\/v2\/types\/post"}],"author":[{"embeddable":true,"href":"https:\/\/biblioteca.isidrodearceneguiycarmona.es\/index.php?rest_route=\/wp\/v2\/users\/3"}],"replies":[{"embeddable":true,"href":"https:\/\/biblioteca.isidrodearceneguiycarmona.es\/index.php?rest_route=%2Fwp%2Fv2%2Fcomments&post=534"}],"version-history":[{"count":1,"href":"https:\/\/biblioteca.isidrodearceneguiycarmona.es\/index.php?rest_route=\/wp\/v2\/posts\/534\/revisions"}],"predecessor-version":[{"id":538,"href":"https:\/\/biblioteca.isidrodearceneguiycarmona.es\/index.php?rest_route=\/wp\/v2\/posts\/534\/revisions\/538"}],"wp:attachment":[{"href":"https:\/\/biblioteca.isidrodearceneguiycarmona.es\/index.php?rest_route=%2Fwp%2Fv2%2Fmedia&parent=534"}],"wp:term":[{"taxonomy":"category","embeddable":true,"href":"https:\/\/biblioteca.isidrodearceneguiycarmona.es\/index.php?rest_route=%2Fwp%2Fv2%2Fcategories&post=534"},{"taxonomy":"post_tag","embeddable":true,"href":"https:\/\/biblioteca.isidrodearceneguiycarmona.es\/index.php?rest_route=%2Fwp%2Fv2%2Ftags&post=534"}],"curies":[{"name":"wp","href":"https:\/\/api.w.org\/{rel}","templated":true}]}}