{"id":593,"date":"2019-04-03T17:26:02","date_gmt":"2019-04-03T17:26:02","guid":{"rendered":"http:\/\/biblioteca.isidrodearceneguiycarmona.es\/?p=593"},"modified":"2021-03-02T10:38:34","modified_gmt":"2021-03-02T10:38:34","slug":"nuevos-titulos","status":"publish","type":"post","link":"https:\/\/biblioteca.isidrodearceneguiycarmona.es\/?p=593","title":{"rendered":"NUEVOS T\u00cdTULOS"},"content":{"rendered":"<p style=\"text-align: center;\">A petici\u00f3n de nuestros lectores alumn@s, seguimos trayendo los t\u00edtulos demandados: en esta ocasi\u00f3n <a href=\"https:\/\/www.planetalector.com\/el-laberinto-de-las-aceitunas\" target=\"_blank\">EL LABERINTO DE LAS ACEITUNAS<\/a>, de Eduardo Mendoza, PREMIO CERVANTES 2016, <a href=\"http:\/\/quelibroleo.com\/el-hereje\" target=\"_blank\">EL HEREJE<\/a> de Miguel Delibes, un canto de tolerancia y libertad en la Espa\u00f1a de Carlos V, y, por \u00faltimo, EL PALACIO DE LA MEDIANOCHE, de Carlos Ruiz Saf\u00f3n, una novela de intriga y misterio ambientada en la Calcuta de los a\u00f1os 30.<\/p>\n<p style=\"text-align: center;\">\u00a1Que las disfrut\u00e9is!<\/p>\n<figure id=\"attachment_595\" aria-describedby=\"caption-attachment-595\" style=\"width: 160px\" class=\"wp-caption alignleft\"><img loading=\"lazy\" decoding=\"async\" class=\"wp-image-595 \" src=\"http:\/\/biblioteca.isidrodearceneguiycarmona.es\/wp-content\/uploads\/2019\/04\/el-palacio-150x150.jpg\" alt=\"\" width=\"160\" height=\"160\" srcset=\"https:\/\/biblioteca.isidrodearceneguiycarmona.es\/wp-content\/uploads\/2019\/04\/el-palacio-150x150.jpg 150w, https:\/\/biblioteca.isidrodearceneguiycarmona.es\/wp-content\/uploads\/2019\/04\/el-palacio-720x720.jpg 720w\" sizes=\"auto, (max-width: 160px) 100vw, 160px\" \/><figcaption id=\"caption-attachment-595\" class=\"wp-caption-text\">El palacio de la medianoche<\/figcaption><\/figure>\n<figure id=\"attachment_594\" aria-describedby=\"caption-attachment-594\" style=\"width: 161px\" class=\"wp-caption alignright\"><img loading=\"lazy\" decoding=\"async\" class=\"wp-image-594 \" src=\"http:\/\/biblioteca.isidrodearceneguiycarmona.es\/wp-content\/uploads\/2019\/04\/el-laberinto-150x150.jpg\" alt=\"\" width=\"161\" height=\"161\" srcset=\"https:\/\/biblioteca.isidrodearceneguiycarmona.es\/wp-content\/uploads\/2019\/04\/el-laberinto-150x150.jpg 150w, https:\/\/biblioteca.isidrodearceneguiycarmona.es\/wp-content\/uploads\/2019\/04\/el-laberinto-720x720.jpg 720w\" sizes=\"auto, (max-width: 161px) 100vw, 161px\" \/><figcaption id=\"caption-attachment-594\" class=\"wp-caption-text\">El laberinto de las aceitunas<\/figcaption><\/figure>\n<figure id=\"attachment_596\" aria-describedby=\"caption-attachment-596\" style=\"width: 164px\" class=\"wp-caption aligncenter\"><img loading=\"lazy\" decoding=\"async\" class=\"wp-image-596 \" src=\"http:\/\/biblioteca.isidrodearceneguiycarmona.es\/wp-content\/uploads\/2019\/04\/el-hereje-150x150.jpg\" alt=\"\" width=\"164\" height=\"164\"><figcaption id=\"caption-attachment-596\" class=\"wp-caption-text\">El hereje<\/figcaption><\/figure>\n","protected":false},"excerpt":{"rendered":"<p>A petici\u00f3n de nuestros lectores alumn@s, seguimos trayendo los t\u00edtulos demandados: en esta ocasi\u00f3n EL LABERINTO DE LAS ACEITUNAS, de &hellip; <\/p>\n","protected":false},"author":3,"featured_media":0,"comment_status":"closed","ping_status":"open","sticky":false,"template":"","format":"standard","meta":{"footnotes":""},"categories":[1,5],"tags":[],"class_list":["post-593","post","type-post","status-publish","format-standard","hentry","category-articulos-2","category-coleccion"],"_links":{"self":[{"href":"https:\/\/biblioteca.isidrodearceneguiycarmona.es\/index.php?rest_route=\/wp\/v2\/posts\/593","targetHints":{"allow":["GET"]}}],"collection":[{"href":"https:\/\/biblioteca.isidrodearceneguiycarmona.es\/index.php?rest_route=\/wp\/v2\/posts"}],"about":[{"href":"https:\/\/biblioteca.isidrodearceneguiycarmona.es\/index.php?rest_route=\/wp\/v2\/types\/post"}],"author":[{"embeddable":true,"href":"https:\/\/biblioteca.isidrodearceneguiycarmona.es\/index.php?rest_route=\/wp\/v2\/users\/3"}],"replies":[{"embeddable":true,"href":"https:\/\/biblioteca.isidrodearceneguiycarmona.es\/index.php?rest_route=%2Fwp%2Fv2%2Fcomments&post=593"}],"version-history":[{"count":5,"href":"https:\/\/biblioteca.isidrodearceneguiycarmona.es\/index.php?rest_route=\/wp\/v2\/posts\/593\/revisions"}],"predecessor-version":[{"id":997,"href":"https:\/\/biblioteca.isidrodearceneguiycarmona.es\/index.php?rest_route=\/wp\/v2\/posts\/593\/revisions\/997"}],"wp:attachment":[{"href":"https:\/\/biblioteca.isidrodearceneguiycarmona.es\/index.php?rest_route=%2Fwp%2Fv2%2Fmedia&parent=593"}],"wp:term":[{"taxonomy":"category","embeddable":true,"href":"https:\/\/biblioteca.isidrodearceneguiycarmona.es\/index.php?rest_route=%2Fwp%2Fv2%2Fcategories&post=593"},{"taxonomy":"post_tag","embeddable":true,"href":"https:\/\/biblioteca.isidrodearceneguiycarmona.es\/index.php?rest_route=%2Fwp%2Fv2%2Ftags&post=593"}],"curies":[{"name":"wp","href":"https:\/\/api.w.org\/{rel}","templated":true}]}}