{"id":614,"date":"2019-04-05T13:13:04","date_gmt":"2019-04-05T13:13:04","guid":{"rendered":"http:\/\/biblioteca.isidrodearceneguiycarmona.es\/?p=614"},"modified":"2019-04-05T13:13:04","modified_gmt":"2019-04-05T13:13:04","slug":"edicion-no-17-de-la-revista-escolar-voz-posible","status":"publish","type":"post","link":"https:\/\/biblioteca.isidrodearceneguiycarmona.es\/?p=614","title":{"rendered":"EDICI\u00d3N  N\u00ba 17 DE LA REVISTA ESCOLAR &#8220;VOZ POSIBLE&#8221;"},"content":{"rendered":"<p>Disponible la edici\u00f3n n\u00famero 17 de la revista escolar &#8220;Voz Posible&#8221;, publicaci\u00f3n trimestral del IES Isidro de Arcenegui y Carmona.<\/p>\n<p><img loading=\"lazy\" decoding=\"async\" class=\"aligncenter size-full wp-image-617\" src=\"http:\/\/biblioteca.isidrodearceneguiycarmona.es\/wp-content\/uploads\/2019\/04\/Voz17-1.jpg\" alt=\"\" width=\"181\" height=\"255\"><a href=\"http:\/\/biblioteca.isidrodearceneguiycarmona.es\/wp-content\/uploads\/2019\/04\/Voz-posible-17-2018-2019-2.pdf\">Voz-posible-17-2018-2019-2<\/a><\/p>\n<p>&nbsp;<\/p>\n","protected":false},"excerpt":{"rendered":"<p>Disponible la edici\u00f3n n\u00famero 17 de la revista escolar &#8220;Voz Posible&#8221;, publicaci\u00f3n trimestral del IES Isidro de Arcenegui y Carmona. &hellip; <\/p>\n","protected":false},"author":3,"featured_media":0,"comment_status":"closed","ping_status":"open","sticky":false,"template":"","format":"standard","meta":{"footnotes":""},"categories":[11],"tags":[],"class_list":["post-614","post","type-post","status-publish","format-standard","hentry","category-boletin"],"_links":{"self":[{"href":"https:\/\/biblioteca.isidrodearceneguiycarmona.es\/index.php?rest_route=\/wp\/v2\/posts\/614","targetHints":{"allow":["GET"]}}],"collection":[{"href":"https:\/\/biblioteca.isidrodearceneguiycarmona.es\/index.php?rest_route=\/wp\/v2\/posts"}],"about":[{"href":"https:\/\/biblioteca.isidrodearceneguiycarmona.es\/index.php?rest_route=\/wp\/v2\/types\/post"}],"author":[{"embeddable":true,"href":"https:\/\/biblioteca.isidrodearceneguiycarmona.es\/index.php?rest_route=\/wp\/v2\/users\/3"}],"replies":[{"embeddable":true,"href":"https:\/\/biblioteca.isidrodearceneguiycarmona.es\/index.php?rest_route=%2Fwp%2Fv2%2Fcomments&post=614"}],"version-history":[{"count":2,"href":"https:\/\/biblioteca.isidrodearceneguiycarmona.es\/index.php?rest_route=\/wp\/v2\/posts\/614\/revisions"}],"predecessor-version":[{"id":619,"href":"https:\/\/biblioteca.isidrodearceneguiycarmona.es\/index.php?rest_route=\/wp\/v2\/posts\/614\/revisions\/619"}],"wp:attachment":[{"href":"https:\/\/biblioteca.isidrodearceneguiycarmona.es\/index.php?rest_route=%2Fwp%2Fv2%2Fmedia&parent=614"}],"wp:term":[{"taxonomy":"category","embeddable":true,"href":"https:\/\/biblioteca.isidrodearceneguiycarmona.es\/index.php?rest_route=%2Fwp%2Fv2%2Fcategories&post=614"},{"taxonomy":"post_tag","embeddable":true,"href":"https:\/\/biblioteca.isidrodearceneguiycarmona.es\/index.php?rest_route=%2Fwp%2Fv2%2Ftags&post=614"}],"curies":[{"name":"wp","href":"https:\/\/api.w.org\/{rel}","templated":true}]}}