{"id":620,"date":"2019-04-05T13:26:29","date_gmt":"2019-04-05T13:26:29","guid":{"rendered":"http:\/\/biblioteca.isidrodearceneguiycarmona.es\/?p=620"},"modified":"2019-04-05T13:26:29","modified_gmt":"2019-04-05T13:26:29","slug":"fallo-xix-certamen-literario","status":"publish","type":"post","link":"https:\/\/biblioteca.isidrodearceneguiycarmona.es\/?p=620","title":{"rendered":"Fallo XIX Certamen Literario"},"content":{"rendered":"<p>Publicado el <a href=\"http:\/\/isidrodearceneguiycarmona.es\/wp-content\/uploads\/XIX-certamen-literario-fallo-del-jurado.pdf\">fallo del Jurado<\/a> correspondiente a la presente edici\u00f3n de nuestro Certamen Literario Villa de Marchena \u2018Memorial Rosario Mart\u00edn\u2019. La organizaci\u00f3n agradece vuestra participaci\u00f3n y da la enhorabuena a las personas galardonadas.<\/p>\n<p>La entrega de premios tendr\u00e1 lugar el d\u00eda 26 de abril a las 20:30 horas en el sal\u00f3n de actos del centro.<\/p>\n<p><img loading=\"lazy\" decoding=\"async\" class=\"aligncenter size-medium wp-image-621\" src=\"http:\/\/biblioteca.isidrodearceneguiycarmona.es\/wp-content\/uploads\/2019\/04\/xix-certamen-literario-cartel-770x480-300x187.jpg\" alt=\"\" width=\"300\" height=\"187\" srcset=\"https:\/\/biblioteca.isidrodearceneguiycarmona.es\/wp-content\/uploads\/2019\/04\/xix-certamen-literario-cartel-770x480-300x187.jpg 300w, https:\/\/biblioteca.isidrodearceneguiycarmona.es\/wp-content\/uploads\/2019\/04\/xix-certamen-literario-cartel-770x480-768x479.jpg 768w, https:\/\/biblioteca.isidrodearceneguiycarmona.es\/wp-content\/uploads\/2019\/04\/xix-certamen-literario-cartel-770x480-600x374.jpg 600w, https:\/\/biblioteca.isidrodearceneguiycarmona.es\/wp-content\/uploads\/2019\/04\/xix-certamen-literario-cartel-770x480.jpg 770w\" sizes=\"auto, (max-width: 300px) 100vw, 300px\" \/><\/p>\n<p>&nbsp;<\/p>\n","protected":false},"excerpt":{"rendered":"<p>Publicado el fallo del Jurado correspondiente a la presente edici\u00f3n de nuestro Certamen Literario Villa de Marchena \u2018Memorial Rosario Mart\u00edn\u2019. &hellip; <\/p>\n","protected":false},"author":3,"featured_media":0,"comment_status":"closed","ping_status":"open","sticky":false,"template":"","format":"standard","meta":{"footnotes":""},"categories":[6,9],"tags":[],"class_list":["post-620","post","type-post","status-publish","format-standard","hentry","category-concursos","category-eventos"],"_links":{"self":[{"href":"https:\/\/biblioteca.isidrodearceneguiycarmona.es\/index.php?rest_route=\/wp\/v2\/posts\/620","targetHints":{"allow":["GET"]}}],"collection":[{"href":"https:\/\/biblioteca.isidrodearceneguiycarmona.es\/index.php?rest_route=\/wp\/v2\/posts"}],"about":[{"href":"https:\/\/biblioteca.isidrodearceneguiycarmona.es\/index.php?rest_route=\/wp\/v2\/types\/post"}],"author":[{"embeddable":true,"href":"https:\/\/biblioteca.isidrodearceneguiycarmona.es\/index.php?rest_route=\/wp\/v2\/users\/3"}],"replies":[{"embeddable":true,"href":"https:\/\/biblioteca.isidrodearceneguiycarmona.es\/index.php?rest_route=%2Fwp%2Fv2%2Fcomments&post=620"}],"version-history":[{"count":1,"href":"https:\/\/biblioteca.isidrodearceneguiycarmona.es\/index.php?rest_route=\/wp\/v2\/posts\/620\/revisions"}],"predecessor-version":[{"id":622,"href":"https:\/\/biblioteca.isidrodearceneguiycarmona.es\/index.php?rest_route=\/wp\/v2\/posts\/620\/revisions\/622"}],"wp:attachment":[{"href":"https:\/\/biblioteca.isidrodearceneguiycarmona.es\/index.php?rest_route=%2Fwp%2Fv2%2Fmedia&parent=620"}],"wp:term":[{"taxonomy":"category","embeddable":true,"href":"https:\/\/biblioteca.isidrodearceneguiycarmona.es\/index.php?rest_route=%2Fwp%2Fv2%2Fcategories&post=620"},{"taxonomy":"post_tag","embeddable":true,"href":"https:\/\/biblioteca.isidrodearceneguiycarmona.es\/index.php?rest_route=%2Fwp%2Fv2%2Ftags&post=620"}],"curies":[{"name":"wp","href":"https:\/\/api.w.org\/{rel}","templated":true}]}}