{"id":639,"date":"2019-10-17T10:54:14","date_gmt":"2019-10-17T10:54:14","guid":{"rendered":"http:\/\/biblioteca.isidrodearceneguiycarmona.es\/?p=639"},"modified":"2019-10-17T10:59:16","modified_gmt":"2019-10-17T10:59:16","slug":"apostando-por-el-manga","status":"publish","type":"post","link":"https:\/\/biblioteca.isidrodearceneguiycarmona.es\/?p=639","title":{"rendered":"APOSTANDO POR EL MANGA"},"content":{"rendered":"<p>Ya tenemos en nuestra biblioteca dos nuevos t\u00edtulos con los que seguimos ampliando nuestra colecci\u00f3n de mangas, a petici\u00f3n de nuestros lectores: &#8220;Made in Abyss&#8221; y &#8220;Assasination Classroom&#8221;.<\/p>\n<p>Made in abyss nos cuenta la historia de una aslteadora de cavernas llamada Riko cuando intenta desentra\u00f1ar los misterios que encierra el Abismo, un gran agujero que posee restos de una civilizaci\u00f3n avanzada pero tambi\u00e9n entra\u00f1a una malidici\u00f3n.<\/p>\n<p>Assassination Classroom, por otro lado, nos cuenta la historia de un profesor, con la apariencia de pulpo, cuyos alumnos quieren asesinar, para as\u00ed salvar a la Tierra.<\/p>\n<p>Ya sabes, si te gusta el Manga, corre a tu biblioteca y no te pierdas estos dos nuevos t\u00edtulos.<\/p>\n<p><img loading=\"lazy\" decoding=\"async\" class=\"wp-image-641 size-thumbnail alignleft\" src=\"http:\/\/biblioteca.isidrodearceneguiycarmona.es\/wp-content\/uploads\/2019\/10\/madeinabyss-manga-11-150x150.jpg\" alt=\"\" width=\"150\" height=\"150\" srcset=\"https:\/\/biblioteca.isidrodearceneguiycarmona.es\/wp-content\/uploads\/2019\/10\/madeinabyss-manga-11-150x150.jpg 150w, https:\/\/biblioteca.isidrodearceneguiycarmona.es\/wp-content\/uploads\/2019\/10\/madeinabyss-manga-11-300x300.jpg 300w, https:\/\/biblioteca.isidrodearceneguiycarmona.es\/wp-content\/uploads\/2019\/10\/madeinabyss-manga-11-100x100.jpg 100w\" sizes=\"auto, (max-width: 150px) 100vw, 150px\" \/> <img loading=\"lazy\" decoding=\"async\" class=\"wp-image-640 size-thumbnail aligncenter\" src=\"http:\/\/biblioteca.isidrodearceneguiycarmona.es\/wp-content\/uploads\/2019\/10\/assa-150x150.jpg\" alt=\"\" width=\"150\" height=\"150\" srcset=\"https:\/\/biblioteca.isidrodearceneguiycarmona.es\/wp-content\/uploads\/2019\/10\/assa-150x150.jpg 150w, https:\/\/biblioteca.isidrodearceneguiycarmona.es\/wp-content\/uploads\/2019\/10\/assa-300x300.jpg 300w, https:\/\/biblioteca.isidrodearceneguiycarmona.es\/wp-content\/uploads\/2019\/10\/assa-100x100.jpg 100w\" sizes=\"auto, (max-width: 150px) 100vw, 150px\" \/><\/p>\n","protected":false},"excerpt":{"rendered":"<p>Ya tenemos en nuestra biblioteca dos nuevos t\u00edtulos con los que seguimos ampliando nuestra colecci\u00f3n de mangas, a petici\u00f3n de &hellip; <\/p>\n","protected":false},"author":3,"featured_media":0,"comment_status":"closed","ping_status":"open","sticky":false,"template":"","format":"standard","meta":{"footnotes":""},"categories":[5],"tags":[],"class_list":["post-639","post","type-post","status-publish","format-standard","hentry","category-coleccion"],"_links":{"self":[{"href":"https:\/\/biblioteca.isidrodearceneguiycarmona.es\/index.php?rest_route=\/wp\/v2\/posts\/639","targetHints":{"allow":["GET"]}}],"collection":[{"href":"https:\/\/biblioteca.isidrodearceneguiycarmona.es\/index.php?rest_route=\/wp\/v2\/posts"}],"about":[{"href":"https:\/\/biblioteca.isidrodearceneguiycarmona.es\/index.php?rest_route=\/wp\/v2\/types\/post"}],"author":[{"embeddable":true,"href":"https:\/\/biblioteca.isidrodearceneguiycarmona.es\/index.php?rest_route=\/wp\/v2\/users\/3"}],"replies":[{"embeddable":true,"href":"https:\/\/biblioteca.isidrodearceneguiycarmona.es\/index.php?rest_route=%2Fwp%2Fv2%2Fcomments&post=639"}],"version-history":[{"count":4,"href":"https:\/\/biblioteca.isidrodearceneguiycarmona.es\/index.php?rest_route=\/wp\/v2\/posts\/639\/revisions"}],"predecessor-version":[{"id":645,"href":"https:\/\/biblioteca.isidrodearceneguiycarmona.es\/index.php?rest_route=\/wp\/v2\/posts\/639\/revisions\/645"}],"wp:attachment":[{"href":"https:\/\/biblioteca.isidrodearceneguiycarmona.es\/index.php?rest_route=%2Fwp%2Fv2%2Fmedia&parent=639"}],"wp:term":[{"taxonomy":"category","embeddable":true,"href":"https:\/\/biblioteca.isidrodearceneguiycarmona.es\/index.php?rest_route=%2Fwp%2Fv2%2Fcategories&post=639"},{"taxonomy":"post_tag","embeddable":true,"href":"https:\/\/biblioteca.isidrodearceneguiycarmona.es\/index.php?rest_route=%2Fwp%2Fv2%2Ftags&post=639"}],"curies":[{"name":"wp","href":"https:\/\/api.w.org\/{rel}","templated":true}]}}