{"id":676,"date":"2019-12-20T11:15:16","date_gmt":"2019-12-20T11:15:16","guid":{"rendered":"http:\/\/biblioteca.isidrodearceneguiycarmona.es\/?p=676"},"modified":"2019-12-20T11:15:16","modified_gmt":"2019-12-20T11:15:16","slug":"dia-de-la-lectura-en-andalucia-4","status":"publish","type":"post","link":"https:\/\/biblioteca.isidrodearceneguiycarmona.es\/?p=676","title":{"rendered":"D\u00cdA DE LA LECTURA EN ANDALUC\u00cdA"},"content":{"rendered":"<p>Para celebrar el d\u00eda de la lectura en Andaluc\u00eda, se ha dise\u00f1ado una actividad con el lema &#8220;El canto del petirrojo nos anuncia la llegada de la Navidad y en sus alas lleva la belleza de la poes\u00eda&#8221;, que a\u00fana la celebraci\u00f3n del d\u00eda de la lectura de Andaluc\u00eda con la llegada de la Navidad.<\/p>\n<p>La actividad ha consistido, por un lado, en dise\u00f1ar un mural compuesto de petirrojos en cuyas alas se pod\u00edan leer versos, algunos copiados de una selecci\u00f3n de poemas de escritores andaluces; Juan Ram\u00f3n Jim\u00e9nez (&#8220;canci\u00f3n de invierno&#8221;) y Antonio&nbsp; Machado, otros,m\u00e1s originales, una variaci\u00f3n personal a modo de escritura creativa a partir de estos mismos versos.<\/p>\n<p>El segundo dise\u00f1o ha consistido en un precioso y colorido \u00e1rbol de Navidad de cuyas ramas han colgado casitas de petirrojos con versos de los mismos autores referidos anteriormente.<\/p>\n<p>&nbsp; <img loading=\"lazy\" decoding=\"async\" class=\"wp-image-680 aligncenter\" src=\"http:\/\/biblioteca.isidrodearceneguiycarmona.es\/wp-content\/uploads\/2019\/12\/IMG_20191216_134025-169x300.jpg\" alt=\"arbol navide\u00f1o\" width=\"191\" height=\"339\" srcset=\"https:\/\/biblioteca.isidrodearceneguiycarmona.es\/wp-content\/uploads\/2019\/12\/IMG_20191216_134025-169x300.jpg 169w, https:\/\/biblioteca.isidrodearceneguiycarmona.es\/wp-content\/uploads\/2019\/12\/IMG_20191216_134025-576x1024.jpg 576w, https:\/\/biblioteca.isidrodearceneguiycarmona.es\/wp-content\/uploads\/2019\/12\/IMG_20191216_134025-768x1365.jpg 768w, https:\/\/biblioteca.isidrodearceneguiycarmona.es\/wp-content\/uploads\/2019\/12\/IMG_20191216_134025-864x1536.jpg 864w, https:\/\/biblioteca.isidrodearceneguiycarmona.es\/wp-content\/uploads\/2019\/12\/IMG_20191216_134025-1152x2048.jpg 1152w, https:\/\/biblioteca.isidrodearceneguiycarmona.es\/wp-content\/uploads\/2019\/12\/IMG_20191216_134025-600x1067.jpg 600w, https:\/\/biblioteca.isidrodearceneguiycarmona.es\/wp-content\/uploads\/2019\/12\/IMG_20191216_134025.jpg 1440w\" sizes=\"auto, (max-width: 191px) 100vw, 191px\" \/><img loading=\"lazy\" decoding=\"async\" class=\"wp-image-679 alignright\" src=\"http:\/\/biblioteca.isidrodearceneguiycarmona.es\/wp-content\/uploads\/2019\/12\/IMG_20191216_134455-300x169.jpg\" alt=\"\" width=\"207\" height=\"117\" srcset=\"https:\/\/biblioteca.isidrodearceneguiycarmona.es\/wp-content\/uploads\/2019\/12\/IMG_20191216_134455-300x169.jpg 300w, https:\/\/biblioteca.isidrodearceneguiycarmona.es\/wp-content\/uploads\/2019\/12\/IMG_20191216_134455-1024x576.jpg 1024w, https:\/\/biblioteca.isidrodearceneguiycarmona.es\/wp-content\/uploads\/2019\/12\/IMG_20191216_134455-768x432.jpg 768w, https:\/\/biblioteca.isidrodearceneguiycarmona.es\/wp-content\/uploads\/2019\/12\/IMG_20191216_134455-1536x864.jpg 1536w, https:\/\/biblioteca.isidrodearceneguiycarmona.es\/wp-content\/uploads\/2019\/12\/IMG_20191216_134455-2048x1152.jpg 2048w, https:\/\/biblioteca.isidrodearceneguiycarmona.es\/wp-content\/uploads\/2019\/12\/IMG_20191216_134455-600x338.jpg 600w\" sizes=\"auto, (max-width: 207px) 100vw, 207px\" \/><img loading=\"lazy\" decoding=\"async\" class=\" wp-image-678 alignleft\" src=\"http:\/\/biblioteca.isidrodearceneguiycarmona.es\/wp-content\/uploads\/2019\/12\/IMG_20191216_134143-300x169.jpg\" alt=\"\" width=\"205\" height=\"115\" srcset=\"https:\/\/biblioteca.isidrodearceneguiycarmona.es\/wp-content\/uploads\/2019\/12\/IMG_20191216_134143-300x169.jpg 300w, https:\/\/biblioteca.isidrodearceneguiycarmona.es\/wp-content\/uploads\/2019\/12\/IMG_20191216_134143-1024x576.jpg 1024w, https:\/\/biblioteca.isidrodearceneguiycarmona.es\/wp-content\/uploads\/2019\/12\/IMG_20191216_134143-768x432.jpg 768w, https:\/\/biblioteca.isidrodearceneguiycarmona.es\/wp-content\/uploads\/2019\/12\/IMG_20191216_134143-1536x864.jpg 1536w, https:\/\/biblioteca.isidrodearceneguiycarmona.es\/wp-content\/uploads\/2019\/12\/IMG_20191216_134143-2048x1152.jpg 2048w, https:\/\/biblioteca.isidrodearceneguiycarmona.es\/wp-content\/uploads\/2019\/12\/IMG_20191216_134143-600x338.jpg 600w\" sizes=\"auto, (max-width: 205px) 100vw, 205px\" \/><\/p>\n","protected":false},"excerpt":{"rendered":"<p>Para celebrar el d\u00eda de la lectura en Andaluc\u00eda, se ha dise\u00f1ado una actividad con el lema &#8220;El canto del &hellip; <\/p>\n","protected":false},"author":3,"featured_media":0,"comment_status":"closed","ping_status":"open","sticky":false,"template":"","format":"standard","meta":{"footnotes":""},"categories":[9],"tags":[],"class_list":["post-676","post","type-post","status-publish","format-standard","hentry","category-eventos"],"_links":{"self":[{"href":"https:\/\/biblioteca.isidrodearceneguiycarmona.es\/index.php?rest_route=\/wp\/v2\/posts\/676","targetHints":{"allow":["GET"]}}],"collection":[{"href":"https:\/\/biblioteca.isidrodearceneguiycarmona.es\/index.php?rest_route=\/wp\/v2\/posts"}],"about":[{"href":"https:\/\/biblioteca.isidrodearceneguiycarmona.es\/index.php?rest_route=\/wp\/v2\/types\/post"}],"author":[{"embeddable":true,"href":"https:\/\/biblioteca.isidrodearceneguiycarmona.es\/index.php?rest_route=\/wp\/v2\/users\/3"}],"replies":[{"embeddable":true,"href":"https:\/\/biblioteca.isidrodearceneguiycarmona.es\/index.php?rest_route=%2Fwp%2Fv2%2Fcomments&post=676"}],"version-history":[{"count":5,"href":"https:\/\/biblioteca.isidrodearceneguiycarmona.es\/index.php?rest_route=\/wp\/v2\/posts\/676\/revisions"}],"predecessor-version":[{"id":685,"href":"https:\/\/biblioteca.isidrodearceneguiycarmona.es\/index.php?rest_route=\/wp\/v2\/posts\/676\/revisions\/685"}],"wp:attachment":[{"href":"https:\/\/biblioteca.isidrodearceneguiycarmona.es\/index.php?rest_route=%2Fwp%2Fv2%2Fmedia&parent=676"}],"wp:term":[{"taxonomy":"category","embeddable":true,"href":"https:\/\/biblioteca.isidrodearceneguiycarmona.es\/index.php?rest_route=%2Fwp%2Fv2%2Fcategories&post=676"},{"taxonomy":"post_tag","embeddable":true,"href":"https:\/\/biblioteca.isidrodearceneguiycarmona.es\/index.php?rest_route=%2Fwp%2Fv2%2Ftags&post=676"}],"curies":[{"name":"wp","href":"https:\/\/api.w.org\/{rel}","templated":true}]}}