{"id":734,"date":"2020-09-16T17:17:58","date_gmt":"2020-09-16T17:17:58","guid":{"rendered":"http:\/\/biblioteca.isidrodearceneguiycarmona.es\/?p=734"},"modified":"2020-09-16T17:18:33","modified_gmt":"2020-09-16T17:18:33","slug":"protocolo-covid-de-la-biblioteca-curso-2020-21","status":"publish","type":"post","link":"https:\/\/biblioteca.isidrodearceneguiycarmona.es\/?p=734","title":{"rendered":"PROTOCOLO COVID DE LA BIBLIOTECA CURSO 2020-21"},"content":{"rendered":"<p><span style=\"color: #333399;\">ANTE LA URGENCIA SANITARIA QUE ESTAMOS VIVIENDO TAMBI\u00c9N LA BE ROSARIO MART\u00cdN SE ACOGE A UN PROTOCOLO QUE DE SEGURIDAD A SUS USUARIOS LIMIT\u00c1NDOSE EL SERVICIO AL DE PR\u00c9STAMOS Y&nbsp; DEVOLUCIONES MEDIANTE CITA PREVIA.<\/span><\/p>\n<p style=\"text-align: center;\"><span style=\"color: #3366ff;\">&#8220;Debido a la situaci\u00f3n excepcional que estamos viviendo actualmente, al igual que otros<\/span><br \/>\n<span style=\"color: #3366ff;\">espacios comunes, como el aula de m\u00fasica, pl\u00e1stica, talleres o sala de usos m\u00faltiples,<\/span><br \/>\n<span style=\"color: #3366ff;\">es de sentido com\u00fan que se replantee su uso. Sin embargo, a diferencia del resto de<\/span><br \/>\n<span style=\"color: #3366ff;\">espacios comunes, cerrar la biblioteca supondr\u00eda un acentuado problema en cuanto a<\/span><br \/>\n<span style=\"color: #3366ff;\">la utilizaci\u00f3n de libros y otros recursos did\u00e1cticos como material de apoyo imprescindible<\/span><br \/>\n<span style=\"color: #3366ff;\">para el aprendizaje en ciertas asignaturas. Por ese motivo, la biblioteca se cerrar\u00e1 como<\/span><br \/>\n<span style=\"color: #3366ff;\">espacio de lectura y estudio, y se dejar\u00e1 abierta (con el protocolo correspondiente) en<\/span><br \/>\n<span style=\"color: #3366ff;\">cuanto al pr\u00e9stamo y devoluci\u00f3n de libros.<\/span><br \/>\n<span style=\"color: #3366ff;\">Las medidas generales de seguridad que habr\u00eda que adoptar en la biblioteca son las<\/span><br \/>\n<span style=\"color: #3366ff;\">siguientes:<\/span><br \/>\n<span style=\"color: #3366ff;\">La biblioteca escolar se emplear\u00e1 exclusivamente para uso del servicio de pr\u00e9stamo de<\/span><br \/>\n<span style=\"color: #3366ff;\">libros o como clase de desdoble si fuese necesario. Actividades colectivas como club<\/span><br \/>\n<span style=\"color: #3366ff;\">de lectura, talleres, etc., ser\u00e1n suspendidas provisionalmente hasta que la situaci\u00f3n<\/span><br \/>\n<span style=\"color: #3366ff;\">sanitaria actual lo permita.<\/span><br \/>\n<span style=\"color: #3366ff;\">Para evitar aglomeraciones de alumnado en la biblioteca, cuando se utilice en forma de<\/span><br \/>\n<span style=\"color: #3366ff;\">pr\u00e9stamo de libros se establecer\u00e1 un sistema mixto (telem\u00e1tico y presencial) para que<\/span><br \/>\n<span style=\"color: #3366ff;\">el alumnado pueda seguir ejerciendo su derecho a consultar los libros del centro, pero<\/span><br \/>\n<span style=\"color: #3366ff;\">de una manera m\u00e1s segura.<\/span><br \/>\n<span style=\"color: #3366ff;\">De esta manera, el servicio de pr\u00e9stamo de libros se establecer\u00e1 del siguiente modo:<\/span><br \/>\n<span style=\"color: #3366ff;\">Se deber\u00e1 solicitar tanto el pr\u00e9stamo como la devoluci\u00f3n de los libros por cita previa al<\/span><br \/>\n<span style=\"color: #3366ff;\">correo electr\u00f3nico destinado a la gesti\u00f3n de la biblioteca. La direcci\u00f3n del e-mail puede<\/span><br \/>\n<span style=\"color: #3366ff;\">consultarse en la pesta\u00f1a \u201cINFORMACI\u00d3N\u201d del cat\u00e1logo on-line (Biblioweb 2) aunque<\/span><br \/>\n<span style=\"color: #3366ff;\">tambi\u00e9n podr\u00e1 ser facilitada por otros medios.<\/span><br \/>\n<span style=\"color: #3366ff;\">El alumnado puede consultar en el cat\u00e1logo on-line si el libro que busca se encuentra<\/span><br \/>\n<span style=\"color: #3366ff;\">disponible en la pesta\u00f1a titulada \u201cCAT\u00c1LOGO\u201d. Dentro de dicha pesta\u00f1a, se puede<\/span><br \/>\n<span style=\"color: #3366ff;\">realizar la b\u00fasqueda por t\u00edtulo, autor, editorial, ISBN, etc. Una vez localizado, pinchando<\/span><br \/>\n<span style=\"color: #3366ff;\">sobre el t\u00edtulo, se puede consultar su disponibilidad, es decir, si se encuentra prestado<\/span><br \/>\n<span style=\"color: #3366ff;\">o no o bien si existe alguna reserva realizada por otro compa\u00f1ero.<\/span><br \/>\n<span style=\"color: #3366ff;\">Si no estuviese prestado, deber\u00e1 ponerse en contacto con el bibliotecario por e-mail,<\/span><br \/>\n<span style=\"color: #3366ff;\">que le confirmar\u00e1 d\u00eda y hora de la recogida del ejemplar, que variar\u00e1 en funci\u00f3n del<\/span><br \/>\n<span style=\"color: #3366ff;\">tiempo de cuarentena que tuviese que guardar, llegado el caso.<\/span><br \/>\n<span style=\"color: #3366ff;\">Si, en \u00faltima instancia, el alumnado desconociera si el libro que busca se encuentra en<\/span><br \/>\n<span style=\"color: #3366ff;\">el cat\u00e1logo del centro, o si dicho libro ya estuviese en pr\u00e9stamo, tambi\u00e9n podr\u00e1 solicitar<\/span><br \/>\n<span style=\"color: #3366ff;\">informaci\u00f3n a trav\u00e9s del correo electr\u00f3nico pertinente. En este \u00faltimo caso, en la pesta\u00f1a<\/span><br \/>\n<span style=\"color: #3366ff;\">\u201cDESIDERATA\u201d de Biblioweb2 tambi\u00e9n podr\u00eda realizar su solicitud y esperar. El<\/span><br \/>\n<span style=\"color: #3366ff;\">programa le informar\u00eda del momento en el que hubiese sido devuelto dicho ejemplar<\/span><br \/>\n<span style=\"color: #3366ff;\">aunque a\u00fan habr\u00eda que esperar su cuarentena correspondiente.<\/span><br \/>\n<span style=\"color: #3366ff;\">Cuando el alumnado quiera ampliar el plazo de pr\u00e9stamo tambi\u00e9n lo solicitar\u00e1 por medio<\/span><br \/>\n<span style=\"color: #3366ff;\">telem\u00e1tico.<\/span><br \/>\n<span style=\"color: #3366ff;\">Se usar\u00e1 el tiempo del recreo de cada uno de los cinco d\u00edas de la semana lectiva para<\/span><br \/>\n<span style=\"color: #3366ff;\">la recogida o devoluci\u00f3n de un libro.<\/span><br \/>\n<span style=\"color: #3366ff;\">En el suelo de la biblioteca se se\u00f1alizar\u00e1n l\u00edneas de espera de forma que el alumnado<\/span><br \/>\n<span style=\"color: #3366ff;\">no debe traspasarlas hasta que le toque su turno. Hay que evitar en la medida de lo<\/span><br \/>\n<span style=\"color: #3366ff;\">posible la presencia de m\u00e1s de un alumno en la zona de pr\u00e9stamo y, en el caso de que<\/span><br \/>\n<span style=\"color: #3366ff;\">ello no fuera posible, mantener la necesaria distancia entre estos a trav\u00e9s de las l\u00edneas<\/span><br \/>\n<span style=\"color: #3366ff;\">de espera.<\/span><br \/>\n<span style=\"color: #3366ff;\">Se evitar\u00e1 el contacto directo del alumnado con las estanter\u00edas donde se encuentren los<\/span><br \/>\n<span style=\"color: #3366ff;\">libros y revistas. Ser\u00e1 el bibliotecario el que acceda a las estanter\u00edas y tenga preparados<\/span><br \/>\n<span style=\"color: #3366ff;\">con antelaci\u00f3n los libros solicitados para el pr\u00e9stamo evitando as\u00ed la demora en su<\/span><br \/>\n<span style=\"color: #3366ff;\">recogida.<\/span><br \/>\n<span style=\"color: #3366ff;\">Se habilitar\u00e1n cinco contenedores limpios y desinfectados, uno para cada d\u00eda de la<\/span><br \/>\n<span style=\"color: #3366ff;\">semana, como cajas grandes de cart\u00f3n en la biblioteca para que los alumnos depositen<\/span><br \/>\n<span style=\"color: #3366ff;\">los libros devueltos y as\u00ed poder ponerlos en cuarentena durante al menos una semana<\/span><br \/>\n<span style=\"color: #3366ff;\">cada uno de ellos, de manera que se garantice su desinfecci\u00f3n. Una vez desinfectados,<\/span><br \/>\n<span style=\"color: #3366ff;\">los libros ser\u00e1n devueltos a las estanter\u00edas por el bibliotecario correspondiente o ser<\/span><br \/>\n<span style=\"color: #3366ff;\">prestados de nuevo.<\/span><br \/>\n<span style=\"color: #3366ff;\">El ordenador de la biblioteca puede ser utilizado por distintos docentes. Por ello, para la<\/span><br \/>\n<span style=\"color: #3366ff;\">desinfecci\u00f3n de los equipos inform\u00e1ticos se deben tomar las mismas medidas que en<\/span><br \/>\n<span style=\"color: #3366ff;\">un aula ordinaria.<\/span><br \/>\n<span style=\"color: #3366ff;\">Se puede acceder al cat\u00e1logo on-line de la Biblioteca a trav\u00e9s de su propio blog:<\/span><br \/>\n<span style=\"color: #3366ff;\">\u201cbiblioteca.isidrodearceneguiycarmona.es\u201d pinchando en la pesta\u00f1a denominada<\/span><br \/>\n<span style=\"color: #3366ff;\">\u201cCat\u00e1logo on line 2\u201d (desde fuera del Centro) que se encuentra en la parte superior de<\/span><br \/>\n<span style=\"color: #3366ff;\">la p\u00e1gina o bien en la direcci\u00f3n electr\u00f3nica:<\/span><br \/>\n<span style=\"color: #3366ff;\">www.juntadeandalucia.es\/averroes\/centros-tic\/41002694\/biblioweb2\/inicio&#8221;<\/span><\/p>\n<p>&nbsp;<\/p>\n<p><span style=\"color: #3366ff;\"><a href=\"http:\/\/biblioteca.isidrodearceneguiycarmona.es\/wp-content\/uploads\/2020\/09\/Protocolo-Covid-be-Rosario-Mart\u00edn-curso-2020-21.pdf\"style=\"color: #3366ff;\" >Protocolo Covid be Rosario Mart\u00edn curso 2020-21<\/a><\/span><\/p>\n","protected":false},"excerpt":{"rendered":"<p>ANTE LA URGENCIA SANITARIA QUE ESTAMOS VIVIENDO TAMBI\u00c9N LA BE ROSARIO MART\u00cdN SE ACOGE A UN PROTOCOLO QUE DE SEGURIDAD &hellip; <\/p>\n","protected":false},"author":3,"featured_media":0,"comment_status":"closed","ping_status":"open","sticky":false,"template":"","format":"standard","meta":{"footnotes":""},"categories":[1],"tags":[],"class_list":["post-734","post","type-post","status-publish","format-standard","hentry","category-articulos-2"],"_links":{"self":[{"href":"https:\/\/biblioteca.isidrodearceneguiycarmona.es\/index.php?rest_route=\/wp\/v2\/posts\/734","targetHints":{"allow":["GET"]}}],"collection":[{"href":"https:\/\/biblioteca.isidrodearceneguiycarmona.es\/index.php?rest_route=\/wp\/v2\/posts"}],"about":[{"href":"https:\/\/biblioteca.isidrodearceneguiycarmona.es\/index.php?rest_route=\/wp\/v2\/types\/post"}],"author":[{"embeddable":true,"href":"https:\/\/biblioteca.isidrodearceneguiycarmona.es\/index.php?rest_route=\/wp\/v2\/users\/3"}],"replies":[{"embeddable":true,"href":"https:\/\/biblioteca.isidrodearceneguiycarmona.es\/index.php?rest_route=%2Fwp%2Fv2%2Fcomments&post=734"}],"version-history":[{"count":2,"href":"https:\/\/biblioteca.isidrodearceneguiycarmona.es\/index.php?rest_route=\/wp\/v2\/posts\/734\/revisions"}],"predecessor-version":[{"id":737,"href":"https:\/\/biblioteca.isidrodearceneguiycarmona.es\/index.php?rest_route=\/wp\/v2\/posts\/734\/revisions\/737"}],"wp:attachment":[{"href":"https:\/\/biblioteca.isidrodearceneguiycarmona.es\/index.php?rest_route=%2Fwp%2Fv2%2Fmedia&parent=734"}],"wp:term":[{"taxonomy":"category","embeddable":true,"href":"https:\/\/biblioteca.isidrodearceneguiycarmona.es\/index.php?rest_route=%2Fwp%2Fv2%2Fcategories&post=734"},{"taxonomy":"post_tag","embeddable":true,"href":"https:\/\/biblioteca.isidrodearceneguiycarmona.es\/index.php?rest_route=%2Fwp%2Fv2%2Ftags&post=734"}],"curies":[{"name":"wp","href":"https:\/\/api.w.org\/{rel}","templated":true}]}}