{"id":78,"date":"2015-03-17T17:51:00","date_gmt":"2015-03-17T17:51:00","guid":{"rendered":""},"modified":"2020-09-19T10:21:46","modified_gmt":"2020-09-19T10:21:46","slug":"seleccion-de-lecturas-para-la-semana-de-la-historia","status":"publish","type":"post","link":"https:\/\/biblioteca.isidrodearceneguiycarmona.es\/?p=78","title":{"rendered":"Selecci\u00f3n de lecturas  para LA SEMANA DE LA HISTORIA"},"content":{"rendered":"<p><span style=\"color: #0b5394;\"><span style=\"font-size: x-small;\"><span style=\"font-family: Arial,Helvetica,sans-serif;\"><span style=\"color: #990000;\">&nbsp;&nbsp;&nbsp;&nbsp;&nbsp;&nbsp;&nbsp;&nbsp;&nbsp;&nbsp;&nbsp;&nbsp;&nbsp;&nbsp;&nbsp;&nbsp;&nbsp;&nbsp;&nbsp;&nbsp;&nbsp;&nbsp;&nbsp;&nbsp;&nbsp;&nbsp;&nbsp;&nbsp;&nbsp;&nbsp;&nbsp;&nbsp;&nbsp;&nbsp;&nbsp; Los Viajes de Ulises<\/span><\/span><\/span><\/span><\/p>\n<div style=\"text-align: center;\"><span style=\"color: #0b5394;\"><span style=\"font-size: x-small;\"><span style=\"font-family: Arial,Helvetica,sans-serif;\">En el camino de vuelta a casa despu\u00e9s de la guerra de Troya, Ulises se  ve envuelto por los dioses en un largo viaje lleno de peligros y  aventuras. Antes de ocuparse de quienes han usurpado su trono de \u00cdtaca,  deber\u00e1 hacer frente al c\u00edclope Polifemo, la maga Circe o las sirenas. Un  apasionante relato que servir\u00e1 al joven lector de introducci\u00f3n a la  Odisea de Homero, uno de los monumentos fundamentales de la cultura  universal.&nbsp;&nbsp;<\/span><\/span><\/span><\/div>\n<div style=\"text-align: center;\"><\/div>\n<div style=\"text-align: center;\"><span style=\"color: #cc0000;\">R\u00f3mulo y Remo <\/span><span style=\"background-color: white;\"><span style=\"color: #cc0000;\">\/<\/span><span style=\"background-color: white;\"><span style=\"color: #073763;\"><span style=\"font-family: Arial,Helvetica,sans-serif;\"><span style=\"font-size: x-small;\">Anne-Catherine Vivet-R\u00e9my<\/span><\/span><\/span><\/span><\/span><span style=\"font-family: Arial,Helvetica,sans-serif;\"><span style=\"font-size: x-small;\"><span style=\"background-color: white;\"><span style=\"color: #073763;\"><\/span><\/span> <\/span><\/span><span style=\"color: #0b5394;\"><span style=\"font-family: Arial,Helvetica,sans-serif;\"><span style=\"font-size: x-small;\">Este relato original est\u00e1 inspirado en textos de Virgilio y de Tito  Livio. El primero, el poeta, nos cuenta el peligroso viaje de Eneas que,  derrotado, parte de Troya para llegar finalmente a Italia, donde sus  descendientes fundar\u00e1n la ciudad m\u00e1s grande entre todas: Roma<\/span><\/span>.                            <\/span><\/div>\n<div style=\"text-align: center;\"><\/div>\n<div style=\"text-align: center;\"><\/div>\n<div style=\"text-align: center;\"><span style=\"color: #0b5394;\"><span style=\"font-size: x-small;\"><span style=\"font-family: Arial,Helvetica,sans-serif;\">&nbsp;<\/span><\/span><\/span><span style=\"font-size: x-small;\"><span style=\"font-family: Arial,Helvetica,sans-serif;\"><span style=\"color: #3d85c6;\"><span style=\"color: #0b5394;\"><span style=\"color: red;\">La Vieja Sirena\/<span style=\"background-color: white;\"><span style=\"color: #0b5394;\">Jose Luis Sampedro&nbsp; <\/span><\/span><\/span><\/span><\/span><span style=\"background-color: white;\"><span style=\"color: #3d85c6;\"><span style=\"color: #0b5394;\"><span style=\"color: red;\"><span style=\"color: #0b5394;\">Una imborrable lecci\u00f3n de amor.Egipto, siglo III. Dos grandes imperios,  el romano y el persa, inician<\/span><\/span><\/span><\/span><\/span><\/span><\/span><span style=\"background-color: white;\"><span style=\"font-size: x-small;\"><span style=\"font-family: Arial,Helvetica,sans-serif;\"><span style=\"color: #3d85c6;\"><span style=\"color: #0b5394;\"><span style=\"color: red;\"><span style=\"color: #0b5394;\">una lenta decadencia.&nbsp;<\/span><\/span><\/span><\/span><\/span><\/span><\/span><\/div>\n<div style=\"text-align: center;\"><\/div>\n<div style=\"text-align: center;\"><span style=\"font-family: Times,&quot;Times New Roman&quot;,serif;\"><span style=\"font-size: x-small;\"><span style=\"font-family: Arial,Helvetica,sans-serif;\"><span style=\"font-weight: normal;\"><span style=\"color: #cc0000;\">Cuentos y leyendas del nacimiento de Roma<\/span>\/<span style=\"color: #0b5394;\">Fran\u00e7ois Sautereau<\/span> <span style=\"color: #0b5394;\">: Un pr\u00edncipe celoso y codicioso, una joven princesa seducida por un dios;  dos reci\u00e9n nacidos, R\u00f3mulo y Remo, recogidos por una loba&#8230;  Estratagemas, combates a muerte, el poder de los dioses y el valor de  los hombres, todo se mezcla en estas historias para dar lugar a la  leyenda de una ciudad, Roma<\/span><\/span><\/span><\/span><\/span><\/div>\n<div style=\"text-align: center;\"><\/div>\n<div style=\"text-align: center;\"><span style=\"font-family: Times,&quot;Times New Roman&quot;,serif;\"><span style=\"font-size: x-small;\"><span style=\"font-family: Arial,Helvetica,sans-serif;\"><span style=\"font-weight: normal;\"><span style=\"color: #0b5394;\">&nbsp;<\/span><\/span><\/span><\/span><\/span><span style=\"font-family: Times,&quot;Times New Roman&quot;,serif;\"><span style=\"font-family: Arial,Helvetica,sans-serif;\"><span style=\"color: red;\"><span style=\"color: navy;\"><span style=\"color: red;\"><b>Asterix en Hispania&nbsp; \/<\/b><span style=\"color: navy;\"> <\/span><\/span><\/span><\/span><\/span><\/span><span style=\"font-size: x-small;\"><span style=\"font-family: Arial,Helvetica,sans-serif;\"><span style=\"color: #0b5394;\">Los galos viajar\u00e1n a la pen\u00ednsula (toros y pandereta) con el hijo del  jefe de una aldea muy parecida a la suya. <\/span><span style=\"color: red;\"><span style=\"color: navy;\"><span style=\"color: red;\"><span style=\"color: navy;\"><span style=\"color: #0b5394;\">Autor: Goscinn<\/span><\/span><\/span><\/span><\/span><\/span><\/span><\/div>\n<div style=\"text-align: center;\"><\/div>\n<div style=\"text-align: center;\"><span style=\"font-family: Arial,Helvetica,sans-serif;\"><span style=\"font-size: x-small;\"><span style=\"color: #990000;\">ESOS DEPRAVADOS ROMANOS<\/span>\/<span style=\"color: #3d85c6;\"> La exposici\u00f3n de los  contenidos se fundamentan en un marcado sentido del humor, y las  an\u00e9cdotas y curiosidades son abundantes, siendo una fuente muy rica de  conocimientos este libro.<\/span><\/span><\/span><\/div>\n<div style=\"text-align: center;\"><\/div>\n<div style=\"text-align: center;\"><span style=\"font-family: Times,&quot;Times New Roman&quot;,serif;\"><span style=\"font-size: x-small;\"><span style=\"font-family: Arial,Helvetica,sans-serif;\"><span style=\"color: navy;\"><span style=\"color: red;\">As\u00ed viv\u00edan los Romanos <\/span>\/ Espin\u00f3s, J. y otros.\/ Ed: Anaya.&nbsp;&nbsp;&nbsp;&nbsp;&nbsp;&nbsp;&nbsp;&nbsp;&nbsp;<\/span><span style=\"color: navy;\">&nbsp; <\/span><span style=\"color: #0b5394;\">El libro describe con multitud  de im\u00e1genes y grabados las formas de vida en la Antigua Roma, desde la  Rep\u00fablica al Imperio.Aborda cuestiones de gastronom\u00eda, higiene,  organizaci\u00f3n social y pol\u00edtica, obras p\u00fablicas,etc.<\/span><\/span><\/span><span style=\"color: navy;\"><span style=\"color: #0b5394;\"><span style=\"font-size: x-small;\"><span style=\"font-family: Arial,Helvetica,sans-serif;\"> <\/span><\/span><\/span><\/span><\/span><span style=\"font-family: Times,&quot;Times New Roman&quot;,serif;\"><span style=\"color: navy;\"><span style=\"color: #0b5394;\"><span style=\"font-size: x-small;\"><span style=\"font-family: Arial,Helvetica,sans-serif;\">&nbsp; <\/span><\/span><\/span><\/span><\/span><\/div>\n<div style=\"text-align: center;\"><\/div>\n<div style=\"text-align: center;\"><span style=\"font-family: Arial,Helvetica,sans-serif;\"><span style=\"font-size: x-small;\"><span style=\"color: #3d85c6;\">&nbsp;<\/span><\/span><\/span><span style=\"font-family: Times,&quot;Times New Roman&quot;,serif;\"><span style=\"color: navy;\"><span style=\"color: #0b5394;\"><span style=\"font-family: Arial,Helvetica,sans-serif;\"><span style=\"font-size: x-small;\"><span style=\"color: #cc0000;\">Julio C\u00e9sar y la Guerra de las Galias<\/span><\/span><\/span><\/span><\/span><span style=\"font-family: Arial,Helvetica,sans-serif;\"><span style=\"font-size: x-small;\"><span style=\"color: #0b5394;\">\/Anne-Marie Zarka&nbsp; Julio C\u00e9sar invadi\u00f3 la Galia y venci\u00f3 a Vercinget\u00f3rix, el  jefe de los galos, en Alesia&#8230;..<\/span><\/span><\/span><\/span><\/div>\n<div style=\"text-align: center;\"><span style=\"font-size: x-small;\"><span style=\"font-family: Arial,Helvetica,sans-serif;\"><span style=\"color: #3d85c6;\"><span style=\"color: #0b5394;\"><span style=\"color: red;\"><span style=\"color: #0b5394;\"><span style=\"background-color: white;\"><br \/><\/span><\/span><\/span><\/span><\/span><\/span><\/span><\/div>\n<div style=\"text-align: center;\"><span style=\"font-family: Times,&quot;Times New Roman&quot;,serif;\"><\/span><span style=\"font-family: Times,&quot;Times New Roman&quot;,serif;\"><span style=\"font-size: x-small;\"><span style=\"font-family: Arial,Helvetica,sans-serif;\"><span style=\"color: #3d85c6;\"><span style=\"color: #0b5394;\"><span style=\"color: #cc0000;\">&nbsp;<\/span><\/span><\/span><\/span><\/span><\/span><\/div>\n<div style=\"text-align: center;\"><span style=\"font-family: Times,&quot;Times New Roman&quot;,serif;\"><span style=\"font-size: x-small;\"><span style=\"font-family: Arial,Helvetica,sans-serif;\"><span style=\"color: #3d85c6;\"><span style=\"color: #0b5394;\"><span style=\"color: #cc0000;\">&nbsp;<\/span><\/span><\/span><\/span><\/span><\/span><\/div>\n<div style=\"text-align: center;\"><\/div>\n<div style=\"text-align: center;\"><\/div>\n<div style=\"text-align: center;\"><\/div>\n<div style=\"text-align: center;\"><\/div>\n<div style=\"text-align: center;\"><span style=\"font-family: Times,&quot;Times New Roman&quot;,serif;\"><span style=\"font-size: x-small;\"><span style=\"font-family: Arial,Helvetica,sans-serif;\"><span style=\"color: #3d85c6;\"><span style=\"color: #0b5394;\"><span style=\"color: #cc0000;\">El Pescador de Esponjas<span style=\"color: #0b5394;\"><span style=\"color: #073763;\">\/Susana Fern\u00e1ndez&nbsp; Gabald\u00f3n<span style=\"color: #0b5394;\"><span style=\"background-color: white;\">&nbsp;&nbsp;&nbsp; <\/span><\/span><\/span><\/span><\/span><\/span><\/span><span style=\"color: #0b5394;\"><span style=\"background-color: white;\">Hace ya m\u00e1s de 3500 a\u00f1os floreci\u00f3 en el mar Egeo una de las  culturas m\u00e1s brillantes de toda la Antig\u00fcedad: la civilizaci\u00f3n minoica.<\/span><\/span><\/span><\/span><\/span><\/div>\n<div style=\"clear: right; float: right; margin-bottom: 1em; margin-left: 1em;\"><\/div>\n<div style=\"clear: right; float: right; margin-bottom: 1em; margin-left: 1em;\"><span style=\"font-family: Times,&quot;Times New Roman&quot;,serif;\"><span style=\"font-size: x-small;\"><span style=\"font-family: Arial,Helvetica,sans-serif;\"><span style=\"color: #0b5394;\"><span style=\"background-color: white;\">&nbsp; <\/span><\/span><\/span><\/span><\/span><\/div>\n","protected":false},"excerpt":{"rendered":"<p>&nbsp;&nbsp;&nbsp;&nbsp;&nbsp;&nbsp;&nbsp;&nbsp;&nbsp;&nbsp;&nbsp;&nbsp;&nbsp;&nbsp;&nbsp;&nbsp;&nbsp;&nbsp;&nbsp;&nbsp;&nbsp;&nbsp;&nbsp;&nbsp;&nbsp;&nbsp;&nbsp;&nbsp;&nbsp;&nbsp;&nbsp;&nbsp;&nbsp;&nbsp;&nbsp; Los Viajes de Ulises En el camino de vuelta a casa despu\u00e9s de la guerra de Troya, Ulises se &hellip; <\/p>\n","protected":false},"author":3,"featured_media":179,"comment_status":"open","ping_status":"open","sticky":false,"template":"","format":"standard","meta":{"footnotes":""},"categories":[10],"tags":[],"class_list":["post-78","post","type-post","status-publish","format-standard","has-post-thumbnail","hentry","category-recomendamos"],"_links":{"self":[{"href":"https:\/\/biblioteca.isidrodearceneguiycarmona.es\/index.php?rest_route=\/wp\/v2\/posts\/78","targetHints":{"allow":["GET"]}}],"collection":[{"href":"https:\/\/biblioteca.isidrodearceneguiycarmona.es\/index.php?rest_route=\/wp\/v2\/posts"}],"about":[{"href":"https:\/\/biblioteca.isidrodearceneguiycarmona.es\/index.php?rest_route=\/wp\/v2\/types\/post"}],"author":[{"embeddable":true,"href":"https:\/\/biblioteca.isidrodearceneguiycarmona.es\/index.php?rest_route=\/wp\/v2\/users\/3"}],"replies":[{"embeddable":true,"href":"https:\/\/biblioteca.isidrodearceneguiycarmona.es\/index.php?rest_route=%2Fwp%2Fv2%2Fcomments&post=78"}],"version-history":[{"count":12,"href":"https:\/\/biblioteca.isidrodearceneguiycarmona.es\/index.php?rest_route=\/wp\/v2\/posts\/78\/revisions"}],"predecessor-version":[{"id":754,"href":"https:\/\/biblioteca.isidrodearceneguiycarmona.es\/index.php?rest_route=\/wp\/v2\/posts\/78\/revisions\/754"}],"wp:featuredmedia":[{"embeddable":true,"href":"https:\/\/biblioteca.isidrodearceneguiycarmona.es\/index.php?rest_route=\/wp\/v2\/media\/179"}],"wp:attachment":[{"href":"https:\/\/biblioteca.isidrodearceneguiycarmona.es\/index.php?rest_route=%2Fwp%2Fv2%2Fmedia&parent=78"}],"wp:term":[{"taxonomy":"category","embeddable":true,"href":"https:\/\/biblioteca.isidrodearceneguiycarmona.es\/index.php?rest_route=%2Fwp%2Fv2%2Fcategories&post=78"},{"taxonomy":"post_tag","embeddable":true,"href":"https:\/\/biblioteca.isidrodearceneguiycarmona.es\/index.php?rest_route=%2Fwp%2Fv2%2Ftags&post=78"}],"curies":[{"name":"wp","href":"https:\/\/api.w.org\/{rel}","templated":true}]}}