{"id":82,"date":"2015-02-26T14:23:00","date_gmt":"2015-02-26T14:23:00","guid":{"rendered":""},"modified":"2020-09-19T10:21:46","modified_gmt":"2020-09-19T10:21:46","slug":"dia-de-andalucia","status":"publish","type":"post","link":"https:\/\/biblioteca.isidrodearceneguiycarmona.es\/?p=82","title":{"rendered":"D\u00cdA DE ANDALUC\u00cdA"},"content":{"rendered":"<div style=\"text-align: justify;\"><span style=\"color: #38761d;\">HOY HEMOS CELEBRADO EL D\u00cdA DE ANDALUC\u00cdA BAJO M\u00cdNIMOS DADA LA HUELGA GENERAL. NO OBSTANTE LOS ALUMNOS DEL PRIMER CICLO DE ESO HAN CANTADO TEXTOS DE POETAS ANDALUCES Y HAN DISE\u00d1ADO PERFILES( PREPARADOS PARA EL EVENTO POR EL DEPARTAMENTO DE DISE\u00d1O Y DIBUJO)TAL Y COMO SE PUEDE VER EN LA PRESENTACI\u00d3N.<\/span><\/div>\n<div style=\"clear: both; text-align: center;\"><\/div>\n<p><\/p>\n","protected":false},"excerpt":{"rendered":"<p>HOY HEMOS CELEBRADO EL D\u00cdA DE ANDALUC\u00cdA BAJO M\u00cdNIMOS DADA LA HUELGA GENERAL. NO OBSTANTE LOS ALUMNOS DEL PRIMER CICLO &hellip; <\/p>\n","protected":false},"author":3,"featured_media":187,"comment_status":"open","ping_status":"open","sticky":false,"template":"","format":"standard","meta":{"footnotes":""},"categories":[7],"tags":[],"class_list":["post-82","post","type-post","status-publish","format-standard","has-post-thumbnail","hentry","category-celebraciones"],"_links":{"self":[{"href":"https:\/\/biblioteca.isidrodearceneguiycarmona.es\/index.php?rest_route=\/wp\/v2\/posts\/82","targetHints":{"allow":["GET"]}}],"collection":[{"href":"https:\/\/biblioteca.isidrodearceneguiycarmona.es\/index.php?rest_route=\/wp\/v2\/posts"}],"about":[{"href":"https:\/\/biblioteca.isidrodearceneguiycarmona.es\/index.php?rest_route=\/wp\/v2\/types\/post"}],"author":[{"embeddable":true,"href":"https:\/\/biblioteca.isidrodearceneguiycarmona.es\/index.php?rest_route=\/wp\/v2\/users\/3"}],"replies":[{"embeddable":true,"href":"https:\/\/biblioteca.isidrodearceneguiycarmona.es\/index.php?rest_route=%2Fwp%2Fv2%2Fcomments&post=82"}],"version-history":[{"count":3,"href":"https:\/\/biblioteca.isidrodearceneguiycarmona.es\/index.php?rest_route=\/wp\/v2\/posts\/82\/revisions"}],"predecessor-version":[{"id":762,"href":"https:\/\/biblioteca.isidrodearceneguiycarmona.es\/index.php?rest_route=\/wp\/v2\/posts\/82\/revisions\/762"}],"wp:featuredmedia":[{"embeddable":true,"href":"https:\/\/biblioteca.isidrodearceneguiycarmona.es\/index.php?rest_route=\/wp\/v2\/media\/187"}],"wp:attachment":[{"href":"https:\/\/biblioteca.isidrodearceneguiycarmona.es\/index.php?rest_route=%2Fwp%2Fv2%2Fmedia&parent=82"}],"wp:term":[{"taxonomy":"category","embeddable":true,"href":"https:\/\/biblioteca.isidrodearceneguiycarmona.es\/index.php?rest_route=%2Fwp%2Fv2%2Fcategories&post=82"},{"taxonomy":"post_tag","embeddable":true,"href":"https:\/\/biblioteca.isidrodearceneguiycarmona.es\/index.php?rest_route=%2Fwp%2Fv2%2Ftags&post=82"}],"curies":[{"name":"wp","href":"https:\/\/api.w.org\/{rel}","templated":true}]}}