{"id":83,"date":"2015-02-25T12:54:00","date_gmt":"2015-02-25T12:54:00","guid":{"rendered":""},"modified":"2020-09-19T10:21:46","modified_gmt":"2020-09-19T10:21:46","slug":"cuando-un-poeta-nos-visita","status":"publish","type":"post","link":"https:\/\/biblioteca.isidrodearceneguiycarmona.es\/?p=83","title":{"rendered":"CUANDO UN POETA NOS VISITA"},"content":{"rendered":"<p>A las 10,15 horas Jes\u00fas garc\u00eda Solano, poeta originario de Aguilar de la Frontera, pero marchenero de adopci\u00f3n ha recitado poemas de su obra &#8220;Po\u00e9tica de Noviembre&#8221;, que va por su segunda edici\u00f3n. El libro lo termin\u00f3 en 2010, pero estuvo 4 a\u00f1os guardado porque la tem\u00e1tica fundamental es la muerte y el sentido existencial desde un punto de vista g\u00f3tico. Primero ha hablado de lo que es ser poeta, del concepto de poes\u00eda y, concretando, lo que es un poeta g\u00f3tico. Ha recitado 7 u 8 poemas de este libro y lo ha intercalado con m\u00fasica interpretada por \u00e9l mismo con una flauta de pan, Finalmente ha recitado un poema dedicado a los lectores que no deben leer poes\u00eda: aquellos que fingen o no sienten lo que es arte. (dirigido a los alumnos de 4\u00ba ESO. (Ha hecho de periodista nuestra compa\u00f1era Lola Zamudio) <\/p>\n","protected":false},"excerpt":{"rendered":"<p>A las 10,15 horas Jes\u00fas garc\u00eda Solano, poeta originario de Aguilar de la Frontera, pero marchenero de adopci\u00f3n ha recitado &hellip; <\/p>\n","protected":false},"author":3,"featured_media":189,"comment_status":"open","ping_status":"open","sticky":false,"template":"","format":"standard","meta":{"footnotes":""},"categories":[9],"tags":[],"class_list":["post-83","post","type-post","status-publish","format-standard","has-post-thumbnail","hentry","category-eventos"],"_links":{"self":[{"href":"https:\/\/biblioteca.isidrodearceneguiycarmona.es\/index.php?rest_route=\/wp\/v2\/posts\/83","targetHints":{"allow":["GET"]}}],"collection":[{"href":"https:\/\/biblioteca.isidrodearceneguiycarmona.es\/index.php?rest_route=\/wp\/v2\/posts"}],"about":[{"href":"https:\/\/biblioteca.isidrodearceneguiycarmona.es\/index.php?rest_route=\/wp\/v2\/types\/post"}],"author":[{"embeddable":true,"href":"https:\/\/biblioteca.isidrodearceneguiycarmona.es\/index.php?rest_route=\/wp\/v2\/users\/3"}],"replies":[{"embeddable":true,"href":"https:\/\/biblioteca.isidrodearceneguiycarmona.es\/index.php?rest_route=%2Fwp%2Fv2%2Fcomments&post=83"}],"version-history":[{"count":3,"href":"https:\/\/biblioteca.isidrodearceneguiycarmona.es\/index.php?rest_route=\/wp\/v2\/posts\/83\/revisions"}],"predecessor-version":[{"id":764,"href":"https:\/\/biblioteca.isidrodearceneguiycarmona.es\/index.php?rest_route=\/wp\/v2\/posts\/83\/revisions\/764"}],"wp:featuredmedia":[{"embeddable":true,"href":"https:\/\/biblioteca.isidrodearceneguiycarmona.es\/index.php?rest_route=\/wp\/v2\/media\/189"}],"wp:attachment":[{"href":"https:\/\/biblioteca.isidrodearceneguiycarmona.es\/index.php?rest_route=%2Fwp%2Fv2%2Fmedia&parent=83"}],"wp:term":[{"taxonomy":"category","embeddable":true,"href":"https:\/\/biblioteca.isidrodearceneguiycarmona.es\/index.php?rest_route=%2Fwp%2Fv2%2Fcategories&post=83"},{"taxonomy":"post_tag","embeddable":true,"href":"https:\/\/biblioteca.isidrodearceneguiycarmona.es\/index.php?rest_route=%2Fwp%2Fv2%2Ftags&post=83"}],"curies":[{"name":"wp","href":"https:\/\/api.w.org\/{rel}","templated":true}]}}