{"id":864,"date":"2020-11-07T18:01:41","date_gmt":"2020-11-07T18:01:41","guid":{"rendered":"http:\/\/biblioteca.isidrodearceneguiycarmona.es\/?p=864"},"modified":"2020-11-07T18:04:56","modified_gmt":"2020-11-07T18:04:56","slug":"visita-del-escritor-tirso-priscilo","status":"publish","type":"post","link":"https:\/\/biblioteca.isidrodearceneguiycarmona.es\/?p=864","title":{"rendered":"VISITA DEL ESCRITOR TIRSO PRISCILO"},"content":{"rendered":"<p><span style=\"color: #333399;\">Este viernes tuvimos la oportunidad de asistir a la amena charla sobre escritura creativa&nbsp; dirigida por el escritor, creador, artista y comunicador Tirso Priscilo, quien tambi\u00e9n nos gratific\u00f3 con lecturas de sus propias obras.&nbsp; Asistieron los grupos de 4\u00ba de la ESO y 2\u00ba de Bachillerato.<\/span><\/p>\n<p>Cartel Tirso<\/p>\n<figure id=\"attachment_866\" aria-describedby=\"caption-attachment-866\" style=\"width: 750px\" class=\"wp-caption aligncenter\"><img loading=\"lazy\" decoding=\"async\" class=\"wp-image-866 size-large\" src=\"http:\/\/biblioteca.isidrodearceneguiycarmona.es\/wp-content\/uploads\/2020\/11\/Cartel-Tirso-791x1024.jpg\" alt=\"Cartel anunciador visita Tirso Priscilo\" width=\"750\" height=\"971\" srcset=\"https:\/\/biblioteca.isidrodearceneguiycarmona.es\/wp-content\/uploads\/2020\/11\/Cartel-Tirso-791x1024.jpg 791w, https:\/\/biblioteca.isidrodearceneguiycarmona.es\/wp-content\/uploads\/2020\/11\/Cartel-Tirso-232x300.jpg 232w, https:\/\/biblioteca.isidrodearceneguiycarmona.es\/wp-content\/uploads\/2020\/11\/Cartel-Tirso-768x994.jpg 768w, https:\/\/biblioteca.isidrodearceneguiycarmona.es\/wp-content\/uploads\/2020\/11\/Cartel-Tirso-1187x1536.jpg 1187w, https:\/\/biblioteca.isidrodearceneguiycarmona.es\/wp-content\/uploads\/2020\/11\/Cartel-Tirso-1583x2048.jpg 1583w, https:\/\/biblioteca.isidrodearceneguiycarmona.es\/wp-content\/uploads\/2020\/11\/Cartel-Tirso-600x776.jpg 600w, https:\/\/biblioteca.isidrodearceneguiycarmona.es\/wp-content\/uploads\/2020\/11\/Cartel-Tirso.jpg 1700w\" sizes=\"auto, (max-width: 750px) 100vw, 750px\" \/><figcaption id=\"caption-attachment-866\" class=\"wp-caption-text\">Cartel anunciador<\/figcaption><\/figure>\n<article id=\"post-8998\" class=\"post clearfix portfolio-post post-8998 portfolio type-portfolio status-publish has-post-thumbnail hentry portfolio-category-vociferio-viii-edicion-2019 has-post-title no-post-date has-post-category has-post-tag has-post-comment has-post-author \">\n<div class=\"post-content\">\n<div class=\"entry-content\">\n<p style=\"text-align: center;\"><span style=\"color: #333399;\">Tirso vive en Sevilla, donde trabaja como profesor y asesor de formaci\u00f3n. Combina estas actividades con la escritura y la impartici\u00f3n de conferencias, cursos y talleres sobre creatividad, competencia comunicativa y docencia, teatro paranoia y escritura. Algunos de sus textos aparecen en revistas, blogs y antolog\u00edas. En solitario ha publicado el poemario <em>Subway&nbsp;<\/em>(Ediciones en huida, 2015)<em>;<\/em>&nbsp;relatos,&nbsp;<em>Libro de Cocina Tradicional Can\u00edbal<\/em>&nbsp;(Ediciones en Huida, 2016); aforismos,&nbsp;<em>Homo pok\u00e9mons<\/em>&nbsp;(Trea, 2017); las&nbsp;<em>plaquettes<\/em>&nbsp;de poemas&nbsp;<em>Escribir<\/em>&nbsp;(Las hojas del Baobab, 2017), y&nbsp;<em>Noticiario<\/em>&nbsp;(Diverso, 2018); el libro h\u00edbrido, en su mayor\u00eda de relatos,&nbsp;<em>Cartograf\u00eda urbana del deseo&nbsp;<\/em>(Ediciones en Huida, 2018); poes\u00eda,&nbsp;<em>Viejos<\/em>&nbsp;(Huerga y Fierro, 2018). Recientemente finalista en los premios internacionales de poes\u00eda Ciudad de Valladolid, y Ciudad de Almendralejo, busca nuevos formatos para acercarse al lector en la maquetaci\u00f3n y estructura de los libros, as\u00ed como en la presentaci\u00f3n de los mismos a partir de&nbsp;<em>performances<\/em> participativas.<\/span><\/p>\n<div id=\"themify_builder_content-8998\" class=\"themify_builder_content themify_builder_content-8998 themify_builder\" data-postid=\"8998\">&nbsp;<\/div>\n<\/div>\n<\/div>\n<\/article>\n<div class=\"post-nav clearfix\"><span class=\"prev\"><a href=\"https:\/\/vociferio.es\/es\/poetas\/sergio-artero\/\" rel=\"prev\" target=\"_blank\"><span class=\"arrow\">\u00ab<\/span>Sergio artero<\/a><\/span><\/div>\n","protected":false},"excerpt":{"rendered":"<p>Este viernes tuvimos la oportunidad de asistir a la amena charla sobre escritura creativa&nbsp; dirigida por el escritor, creador, artista &hellip; <\/p>\n","protected":false},"author":3,"featured_media":0,"comment_status":"closed","ping_status":"open","sticky":false,"template":"","format":"standard","meta":{"footnotes":""},"categories":[9],"tags":[],"class_list":["post-864","post","type-post","status-publish","format-standard","hentry","category-eventos"],"_links":{"self":[{"href":"https:\/\/biblioteca.isidrodearceneguiycarmona.es\/index.php?rest_route=\/wp\/v2\/posts\/864","targetHints":{"allow":["GET"]}}],"collection":[{"href":"https:\/\/biblioteca.isidrodearceneguiycarmona.es\/index.php?rest_route=\/wp\/v2\/posts"}],"about":[{"href":"https:\/\/biblioteca.isidrodearceneguiycarmona.es\/index.php?rest_route=\/wp\/v2\/types\/post"}],"author":[{"embeddable":true,"href":"https:\/\/biblioteca.isidrodearceneguiycarmona.es\/index.php?rest_route=\/wp\/v2\/users\/3"}],"replies":[{"embeddable":true,"href":"https:\/\/biblioteca.isidrodearceneguiycarmona.es\/index.php?rest_route=%2Fwp%2Fv2%2Fcomments&post=864"}],"version-history":[{"count":1,"href":"https:\/\/biblioteca.isidrodearceneguiycarmona.es\/index.php?rest_route=\/wp\/v2\/posts\/864\/revisions"}],"predecessor-version":[{"id":867,"href":"https:\/\/biblioteca.isidrodearceneguiycarmona.es\/index.php?rest_route=\/wp\/v2\/posts\/864\/revisions\/867"}],"wp:attachment":[{"href":"https:\/\/biblioteca.isidrodearceneguiycarmona.es\/index.php?rest_route=%2Fwp%2Fv2%2Fmedia&parent=864"}],"wp:term":[{"taxonomy":"category","embeddable":true,"href":"https:\/\/biblioteca.isidrodearceneguiycarmona.es\/index.php?rest_route=%2Fwp%2Fv2%2Fcategories&post=864"},{"taxonomy":"post_tag","embeddable":true,"href":"https:\/\/biblioteca.isidrodearceneguiycarmona.es\/index.php?rest_route=%2Fwp%2Fv2%2Ftags&post=864"}],"curies":[{"name":"wp","href":"https:\/\/api.w.org\/{rel}","templated":true}]}}