{"id":875,"date":"2020-11-17T17:47:36","date_gmt":"2020-11-17T17:47:36","guid":{"rendered":"http:\/\/biblioteca.isidrodearceneguiycarmona.es\/?p=875"},"modified":"2020-11-17T17:47:36","modified_gmt":"2020-11-17T17:47:36","slug":"dia-del-flamenco","status":"publish","type":"post","link":"https:\/\/biblioteca.isidrodearceneguiycarmona.es\/?p=875","title":{"rendered":"D\u00cdA DEL FLAMENCO"},"content":{"rendered":"<p style=\"text-align: center;\"><span style=\"color: #0000ff;\">Celebra con nosotros el d\u00eda del flamenco a trav\u00e9s del c\u00f3mic GERUNDINO, una serie exclusiva y pionera que te permitir\u00e1 introducirte en la historia del flamenco a trav\u00e9s de un duendecillo jocoso que brota de la guitarra.<\/span><br \/>\n<span style=\"color: #0000ff;\">Reserva ya tu ejemplar de GERUNDINO en tu BE Rosario Mart\u00edn.<\/span><\/p>\n<figure id=\"attachment_876\" aria-describedby=\"caption-attachment-876\" style=\"width: 218px\" class=\"wp-caption aligncenter\"><img loading=\"lazy\" decoding=\"async\" class=\"size-medium wp-image-876\" src=\"http:\/\/biblioteca.isidrodearceneguiycarmona.es\/wp-content\/uploads\/2020\/11\/gerun-218x300.jpg\" alt=\"Gerundino\" width=\"218\" height=\"300\" srcset=\"https:\/\/biblioteca.isidrodearceneguiycarmona.es\/wp-content\/uploads\/2020\/11\/gerun-218x300.jpg 218w, https:\/\/biblioteca.isidrodearceneguiycarmona.es\/wp-content\/uploads\/2020\/11\/gerun.jpg 720w\" sizes=\"auto, (max-width: 218px) 100vw, 218px\" \/><figcaption id=\"caption-attachment-876\" class=\"wp-caption-text\">C\u00f3mic sobre el flamenco<\/figcaption><\/figure>\n","protected":false},"excerpt":{"rendered":"<p>Celebra con nosotros el d\u00eda del flamenco a trav\u00e9s del c\u00f3mic GERUNDINO, una serie exclusiva y pionera que te permitir\u00e1 &hellip; <\/p>\n","protected":false},"author":3,"featured_media":0,"comment_status":"closed","ping_status":"open","sticky":false,"template":"","format":"standard","meta":{"footnotes":""},"categories":[7],"tags":[],"class_list":["post-875","post","type-post","status-publish","format-standard","hentry","category-celebraciones"],"_links":{"self":[{"href":"https:\/\/biblioteca.isidrodearceneguiycarmona.es\/index.php?rest_route=\/wp\/v2\/posts\/875","targetHints":{"allow":["GET"]}}],"collection":[{"href":"https:\/\/biblioteca.isidrodearceneguiycarmona.es\/index.php?rest_route=\/wp\/v2\/posts"}],"about":[{"href":"https:\/\/biblioteca.isidrodearceneguiycarmona.es\/index.php?rest_route=\/wp\/v2\/types\/post"}],"author":[{"embeddable":true,"href":"https:\/\/biblioteca.isidrodearceneguiycarmona.es\/index.php?rest_route=\/wp\/v2\/users\/3"}],"replies":[{"embeddable":true,"href":"https:\/\/biblioteca.isidrodearceneguiycarmona.es\/index.php?rest_route=%2Fwp%2Fv2%2Fcomments&post=875"}],"version-history":[{"count":1,"href":"https:\/\/biblioteca.isidrodearceneguiycarmona.es\/index.php?rest_route=\/wp\/v2\/posts\/875\/revisions"}],"predecessor-version":[{"id":877,"href":"https:\/\/biblioteca.isidrodearceneguiycarmona.es\/index.php?rest_route=\/wp\/v2\/posts\/875\/revisions\/877"}],"wp:attachment":[{"href":"https:\/\/biblioteca.isidrodearceneguiycarmona.es\/index.php?rest_route=%2Fwp%2Fv2%2Fmedia&parent=875"}],"wp:term":[{"taxonomy":"category","embeddable":true,"href":"https:\/\/biblioteca.isidrodearceneguiycarmona.es\/index.php?rest_route=%2Fwp%2Fv2%2Fcategories&post=875"},{"taxonomy":"post_tag","embeddable":true,"href":"https:\/\/biblioteca.isidrodearceneguiycarmona.es\/index.php?rest_route=%2Fwp%2Fv2%2Ftags&post=875"}],"curies":[{"name":"wp","href":"https:\/\/api.w.org\/{rel}","templated":true}]}}