{"id":878,"date":"2020-11-17T17:58:28","date_gmt":"2020-11-17T17:58:28","guid":{"rendered":"http:\/\/biblioteca.isidrodearceneguiycarmona.es\/?p=878"},"modified":"2020-11-17T17:58:54","modified_gmt":"2020-11-17T17:58:54","slug":"coloquio-literario-virtual","status":"publish","type":"post","link":"https:\/\/biblioteca.isidrodearceneguiycarmona.es\/?p=878","title":{"rendered":"COLOQUIO LITERARIO VIRTUAL"},"content":{"rendered":"<p>El Foro Social de Marchena organiza un coloquio literario de acceso libre y gratuito sobre la novela <strong>El cuarto de atr\u00e1s,&nbsp; <\/strong>de <strong>Carmen Mart\u00edn Gaite, <\/strong>que tendr\u00e1 lugar a trav\u00e9s de Google Meet el pr\u00f3ximo 26 de noviembre a las 19 horas.<\/p>\n<figure id=\"attachment_879\" aria-describedby=\"caption-attachment-879\" style=\"width: 362px\" class=\"wp-caption alignright\"><img loading=\"lazy\" decoding=\"async\" class=\" wp-image-879\" src=\"http:\/\/biblioteca.isidrodearceneguiycarmona.es\/wp-content\/uploads\/2020\/11\/BPM-300x146.jpg\" alt=\"Coloquio\" width=\"362\" height=\"176\" srcset=\"https:\/\/biblioteca.isidrodearceneguiycarmona.es\/wp-content\/uploads\/2020\/11\/BPM-300x146.jpg 300w, https:\/\/biblioteca.isidrodearceneguiycarmona.es\/wp-content\/uploads\/2020\/11\/BPM-1024x497.jpg 1024w, https:\/\/biblioteca.isidrodearceneguiycarmona.es\/wp-content\/uploads\/2020\/11\/BPM-768x373.jpg 768w, https:\/\/biblioteca.isidrodearceneguiycarmona.es\/wp-content\/uploads\/2020\/11\/BPM.jpg 1170w\" sizes=\"auto, (max-width: 362px) 100vw, 362px\" \/><figcaption id=\"caption-attachment-879\" class=\"wp-caption-text\">Coloquio<\/figcaption><\/figure>\n<figure id=\"attachment_880\" aria-describedby=\"caption-attachment-880\" style=\"width: 304px\" class=\"wp-caption alignleft\"><img loading=\"lazy\" decoding=\"async\" class=\" wp-image-880\" src=\"http:\/\/biblioteca.isidrodearceneguiycarmona.es\/wp-content\/uploads\/2020\/11\/coloquio-literario-2020-11-27-300x300.png\" alt=\"\" width=\"304\" height=\"304\" srcset=\"https:\/\/biblioteca.isidrodearceneguiycarmona.es\/wp-content\/uploads\/2020\/11\/coloquio-literario-2020-11-27-300x300.png 300w, https:\/\/biblioteca.isidrodearceneguiycarmona.es\/wp-content\/uploads\/2020\/11\/coloquio-literario-2020-11-27-1024x1024.png 1024w, https:\/\/biblioteca.isidrodearceneguiycarmona.es\/wp-content\/uploads\/2020\/11\/coloquio-literario-2020-11-27-150x150.png 150w, https:\/\/biblioteca.isidrodearceneguiycarmona.es\/wp-content\/uploads\/2020\/11\/coloquio-literario-2020-11-27-768x768.png 768w, https:\/\/biblioteca.isidrodearceneguiycarmona.es\/wp-content\/uploads\/2020\/11\/coloquio-literario-2020-11-27.png 1200w\" sizes=\"auto, (max-width: 304px) 100vw, 304px\" \/><figcaption id=\"caption-attachment-880\" class=\"wp-caption-text\">Coloquio literario<\/figcaption><\/figure>\n","protected":false},"excerpt":{"rendered":"<p>El Foro Social de Marchena organiza un coloquio literario de acceso libre y gratuito sobre la novela El cuarto de &hellip; <\/p>\n","protected":false},"author":3,"featured_media":0,"comment_status":"closed","ping_status":"open","sticky":false,"template":"","format":"standard","meta":{"footnotes":""},"categories":[9],"tags":[],"class_list":["post-878","post","type-post","status-publish","format-standard","hentry","category-eventos"],"_links":{"self":[{"href":"https:\/\/biblioteca.isidrodearceneguiycarmona.es\/index.php?rest_route=\/wp\/v2\/posts\/878","targetHints":{"allow":["GET"]}}],"collection":[{"href":"https:\/\/biblioteca.isidrodearceneguiycarmona.es\/index.php?rest_route=\/wp\/v2\/posts"}],"about":[{"href":"https:\/\/biblioteca.isidrodearceneguiycarmona.es\/index.php?rest_route=\/wp\/v2\/types\/post"}],"author":[{"embeddable":true,"href":"https:\/\/biblioteca.isidrodearceneguiycarmona.es\/index.php?rest_route=\/wp\/v2\/users\/3"}],"replies":[{"embeddable":true,"href":"https:\/\/biblioteca.isidrodearceneguiycarmona.es\/index.php?rest_route=%2Fwp%2Fv2%2Fcomments&post=878"}],"version-history":[{"count":3,"href":"https:\/\/biblioteca.isidrodearceneguiycarmona.es\/index.php?rest_route=\/wp\/v2\/posts\/878\/revisions"}],"predecessor-version":[{"id":883,"href":"https:\/\/biblioteca.isidrodearceneguiycarmona.es\/index.php?rest_route=\/wp\/v2\/posts\/878\/revisions\/883"}],"wp:attachment":[{"href":"https:\/\/biblioteca.isidrodearceneguiycarmona.es\/index.php?rest_route=%2Fwp%2Fv2%2Fmedia&parent=878"}],"wp:term":[{"taxonomy":"category","embeddable":true,"href":"https:\/\/biblioteca.isidrodearceneguiycarmona.es\/index.php?rest_route=%2Fwp%2Fv2%2Fcategories&post=878"},{"taxonomy":"post_tag","embeddable":true,"href":"https:\/\/biblioteca.isidrodearceneguiycarmona.es\/index.php?rest_route=%2Fwp%2Fv2%2Ftags&post=878"}],"curies":[{"name":"wp","href":"https:\/\/api.w.org\/{rel}","templated":true}]}}