{"id":898,"date":"2020-12-02T01:45:42","date_gmt":"2020-12-02T01:45:42","guid":{"rendered":"http:\/\/biblioteca.isidrodearceneguiycarmona.es\/?p=898"},"modified":"2020-12-02T01:45:46","modified_gmt":"2020-12-02T01:45:46","slug":"3-de-diciembre-dia-internacional-de-la-diversidad-funcional","status":"publish","type":"post","link":"https:\/\/biblioteca.isidrodearceneguiycarmona.es\/?p=898","title":{"rendered":"3 DE DICIEMBRE: D\u00cdA INTERNACIONAL DE LA DIVERSIDAD FUNCIONAL"},"content":{"rendered":"<p align=\"JUSTIFY\"><span style=\"color: #800080;\"><i>&#8220;La celebraci\u00f3n del <\/i><i>D\u00eda <\/i><i>Internacional de las Personas con Discapacidad el 3 de diciembre de cada a\u00f1o tiene por objeto ayudar a entender las cuestiones relacionadas con la discapacidad, los derechos de las personas con discapacidad y los beneficios que se derivar\u00edan de la integraci\u00f3n de estas personas en todos y cada uno de los aspectos de la vida pol\u00edtica, social, econ\u00f3mica y cultural de sus comunidades. <\/i><i>El <\/i><i>D\u00eda <\/i><i>brinda la oportunidad de promover actividades encaminadas a lograr el objetivo del disfrute pleno e igual de los derechos humanos y la participaci\u00f3n en la sociedad de las personas con discapacidad, establecido en el Programa de Acci\u00f3n Mundial para las Personas con Discapacidad aprobado por la Asamblea General de las Naciones Unidas en 1982.&#8221; (Naciones<\/i><i> <\/i><i>Unidas)<\/i><\/span><\/p>\n<p align=\"JUSTIFY\"><a href=\"https:\/\/www.who.int\/features\/factfiles\/disability\/facts\/es\/\" target=\"_blank\">10 DATOS SOBRE LA DISCAPACIDAD.<\/a><\/p>\n<p>Presentaci\u00f3n basada en datos extra\u00eddos de la p\u00e1gina web de la OMS.<\/p>\n<p><a href=\"https:\/\/www.who.int\/features\/2011\/disability\/es\/\" target=\"_blank\">\u00bfQU\u00c9 ES PARA T\u00cd LA DISCAPACIDAD?<\/a><\/p>\n<p align=\"JUSTIFY\">Presentaci\u00f3n que recoge las opiniones de personas de diferentes lugares del mundo. Actividad para pedir la participaci\u00f3n del alumnado del centro. Fuente: OMS.<\/p>\n<p align=\"JUSTIFY\"><a href=\"https:\/\/www.incluyeme.com\/recomendaciones-para-cada-tipo-de-discapacidad\/\" target=\"_blank\">SUGERENCIAS PARA RELACIONARSE CON PERSONAS CON DISCAPACIDAD<\/a><\/p>\n<p align=\"JUSTIFY\">Pautas para interactuar con personas con discapacidad.<\/p>\n<p class=\"western\"><span style=\"color: #800080;\"><u>V\u00cdDEOS PARA SENSIBILIZAR EN LAS CLASES SOBRE LA DIVERSIDAD FUNCIONAL:<\/u><\/span><\/p>\n<p><u>Para reflexionar:<\/u><\/p>\n<ol>\n<li><span style=\"color: #0000ff;\">\u00bfQu\u00e9 caracter\u00edsticas tienen?<\/span><\/li>\n<li><span style=\"color: #0000ff;\">\u00bfC\u00f3mo podr\u00edamos ayudarles a que se encuentren totalmente integrados en nuestra clase o en nuestra sociedad?<\/span><\/li>\n<\/ol>\n<h4 class=\"western\">TDAH: Trastorno por d\u00e9ficit de atenci\u00f3n e hiperactividad:<\/h4>\n<p><b>\u00bf<\/b>Qu\u00e9 beneficios tiene poder hacer tantas actividades? \u00bfLa abeja con TDAH tiene una vida aburrida? <a href=\"https:\/\/youtu.be\/PByhLse_zE8\" target=\"_blank\"><span style=\"color: #6f2f9f;\"><b>Una visi\u00f3n positiva del TDAH<\/b><\/span><\/a><\/p>\n<div style=\"width: 456px;\" class=\"wp-video\"><video class=\"wp-video-shortcode\" id=\"video-898-1\" width=\"456\" height=\"352\" preload=\"metadata\" controls=\"controls\"><source type=\"video\/mp4\" src=\"http:\/\/biblioteca.isidrodearceneguiycarmona.es\/wp-content\/uploads\/2020\/12\/Hiperactividad-352p_25fps_H264-96kbit_AAC.mp4?_=1\" \/><a href=\"http:\/\/biblioteca.isidrodearceneguiycarmona.es\/wp-content\/uploads\/2020\/12\/Hiperactividad-352p_25fps_H264-96kbit_AAC.mp4\">http:\/\/biblioteca.isidrodearceneguiycarmona.es\/wp-content\/uploads\/2020\/12\/Hiperactividad-352p_25fps_H264-96kbit_AAC.mp4<\/a><\/video><\/div>\n<p>&nbsp;<\/p>\n<p><b><a href=\"https:\/\/www.lasvidasdemario.com\/\" target=\"_blank\">LAS VIDAS DE MARIO <\/a>. <\/b>\u00bfC\u00f3mo podemos ayudar a un alumno\/a con TDAH?<\/p>\n<p><a href=\"https:\/\/youtu.be\/fCz9Im5YS-0\" target=\"_blank\"><b>ESO NO SE PREGUNTA (TDAH) <\/b><\/a>Diferentes personas explican su experiencia.<\/p>\n<h4 class=\"western\">Trastorno de Espectro Autista: (Autismo, Asperger):<\/h4>\n<p><span style=\"color: #3366ff;\"><a href=\"https:\/\/youtu.be\/-NpNGldTamQ\"style=\"color: #3366ff;\"  target=\"_blank\"><b>ESO NO SE PREGUNTA (ASPERGER)<\/b>. <\/a><\/span>Diferentes personas explican su experiencia.<\/p>\n<p><a href=\"https:\/\/www.youtube.com\/watch?v=o7bWwjQeDEY\" target=\"_blank\"><b>DOS MINUTOS EN LA MENTE DE UN TEA<\/b>. <\/a>Reflexiona sobre sus caracter\u00edsticas y c\u00f3mo piensa.<\/p>\n<div style=\"width: 750px;\" class=\"wp-video\"><video class=\"wp-video-shortcode\" id=\"video-898-2\" width=\"750\" height=\"422\" preload=\"metadata\" controls=\"controls\"><source type=\"video\/mp4\" src=\"http:\/\/biblioteca.isidrodearceneguiycarmona.es\/wp-content\/uploads\/2020\/12\/2-minutos-en-la-mente-de-un-autista-1080p_30fps_H264-128kbit_AAC.mp4?_=2\" \/><a href=\"http:\/\/biblioteca.isidrodearceneguiycarmona.es\/wp-content\/uploads\/2020\/12\/2-minutos-en-la-mente-de-un-autista-1080p_30fps_H264-128kbit_AAC.mp4\">http:\/\/biblioteca.isidrodearceneguiycarmona.es\/wp-content\/uploads\/2020\/12\/2-minutos-en-la-mente-de-un-autista-1080p_30fps_H264-128kbit_AAC.mp4<\/a><\/video><\/div>\n<p><span style=\"color: #3366ff;\"><a href=\"https:\/\/youtu.be\/oSwja55b9so\"style=\"color: #3366ff;\"  target=\"_blank\"><b>CASO ASPERGER. <\/b><\/a><\/span>\u00bfQu\u00e9 caracter\u00edsticas tiene esta chica diagnosticada como Asperger?<\/p>\n<div style=\"width: 640px;\" class=\"wp-video\"><video class=\"wp-video-shortcode\" id=\"video-898-3\" width=\"640\" height=\"360\" preload=\"metadata\" controls=\"controls\"><source type=\"video\/mp4\" src=\"http:\/\/biblioteca.isidrodearceneguiycarmona.es\/wp-content\/uploads\/2020\/12\/Casos-Asperger-360p_25fps_H264-128kbit_AAC.mp4?_=3\" \/><a href=\"http:\/\/biblioteca.isidrodearceneguiycarmona.es\/wp-content\/uploads\/2020\/12\/Casos-Asperger-360p_25fps_H264-128kbit_AAC.mp4\">http:\/\/biblioteca.isidrodearceneguiycarmona.es\/wp-content\/uploads\/2020\/12\/Casos-Asperger-360p_25fps_H264-128kbit_AAC.mp4<\/a><\/video><\/div>\n<p align=\"JUSTIFY\"><span style=\"color: #3366ff;\"><a href=\"http:\/\/www.youtube.com\/embed\/mzl33DR2rnM\"style=\"color: #3366ff;\"  target=\"_blank\"><b>HUGO, UN AMIGO CON ASPERGER<\/b>. <\/a><\/span>Tiempo: 6m. 14s. Este v\u00eddeo cuenta la historia de Hugo y ayuda a conocer mejor a las personas con s\u00edndrome de Asperger. Reflexiona sobre sus caracter\u00edsticas.<\/p>\n<div style=\"width: 750px;\" class=\"wp-video\"><video class=\"wp-video-shortcode\" id=\"video-898-4\" width=\"750\" height=\"422\" preload=\"metadata\" controls=\"controls\"><source type=\"video\/mp4\" src=\"http:\/\/biblioteca.isidrodearceneguiycarmona.es\/wp-content\/uploads\/2020\/12\/Hugo-un-amigo-con-Asperger-720p_24fps_H264-192kbit_AAC.mp4?_=4\" \/><a href=\"http:\/\/biblioteca.isidrodearceneguiycarmona.es\/wp-content\/uploads\/2020\/12\/Hugo-un-amigo-con-Asperger-720p_24fps_H264-192kbit_AAC.mp4\">http:\/\/biblioteca.isidrodearceneguiycarmona.es\/wp-content\/uploads\/2020\/12\/Hugo-un-amigo-con-Asperger-720p_24fps_H264-192kbit_AAC.mp4<\/a><\/video><\/div>\n<p align=\"JUSTIFY\">&nbsp;<\/p>\n<h4 class=\"western\" align=\"JUSTIFY\">S\u00edndrome de Down:<\/h4>\n<p align=\"JUSTIFY\"><span style=\"color: #3366ff;\"><a href=\"http:\/\/www.youtube.com\/embed\/elR41rwZIKg\"style=\"color: #3366ff;\"  target=\"_blank\"><b>SI PODEMOS<\/b><b>. <\/b><\/a><\/span>Tiempo: 2m. 07s. Spot protagonizado por Pablo Pineda y otros chicos y chicas con s\u00edndrome de Down para concienciar a las personas alguna discapacidad sobre la necesidad de luchar para cumplir sus sue\u00f1os.<\/p>\n<h4 class=\"western\" align=\"JUSTIFY\">Discapacidad visual:<\/h4>\n<p align=\"JUSTIFY\"><span style=\"color: #3366ff;\"><a href=\"http:\/\/www.youtube.com\/embed\/_HNkVZ7J0fI\"style=\"color: #3366ff;\"  target=\"_blank\"><b>LOS COLORES DE LAS FLORES<\/b>.<\/a> <\/span>Tiempo: 4m. 09s. Los colores de las Flores narra la historia de un caso real. Diego es un ni\u00f1o de siete a\u00f1os que es ciego desde su nacimiento y se enfrenta a la tarea escolar de explicar como es el color de las flores. Muestra como un ni\u00f1o ciego puede estudiar como cualquier otro.<\/p>\n<audio class=\"wp-audio-shortcode\" id=\"audio-898-1\" preload=\"none\" style=\"width: 100%;\" controls=\"controls\"><source type=\"audio\/ogg\" src=\"http:\/\/biblioteca.isidrodearceneguiycarmona.es\/wp-content\/uploads\/2020\/12\/Los-colores-de-las-flores-Anuncio-de-la-ONCE-152kbit_Opus.ogg?_=1\" \/><a href=\"http:\/\/biblioteca.isidrodearceneguiycarmona.es\/wp-content\/uploads\/2020\/12\/Los-colores-de-las-flores-Anuncio-de-la-ONCE-152kbit_Opus.ogg\">http:\/\/biblioteca.isidrodearceneguiycarmona.es\/wp-content\/uploads\/2020\/12\/Los-colores-de-las-flores-Anuncio-de-la-ONCE-152kbit_Opus.ogg<\/a><\/audio>\n<p align=\"JUSTIFY\"><a href=\"http:\/\/www.youtube.com\/embed\/6uV4fu9NjF0\" target=\"_blank\"><span style=\"color: #3366ff;\"><b>UNA LUZ DIFERENTE<\/b><\/span><span style=\"color: #6f2f9f;\">.<\/span><\/a> Tiempo: 10 m. El cortometraje est\u00e1 protagonizado por el atleta invidente David Casinos y recoge escenas de su vida cotidiana, su rutina de entrenamiento y sus esfuerzos por superar la ceguera. David ha sido triple medallista paral\u00edmpico en Sydney, Atenas y Pek\u00edn.<\/p>\n<div style=\"width: 640px;\" class=\"wp-video\"><video class=\"wp-video-shortcode\" id=\"video-898-5\" width=\"640\" height=\"360\" preload=\"metadata\" controls=\"controls\"><source type=\"video\/mp4\" src=\"http:\/\/biblioteca.isidrodearceneguiycarmona.es\/wp-content\/uploads\/2020\/12\/Una-luz-diferente_-ganador-del-I-Premio-de-cortometrajes-Discapacine-2011-de-Cocemfe-360p_24fps_H264-128kbit_AAC.mp4?_=5\" \/><a href=\"http:\/\/biblioteca.isidrodearceneguiycarmona.es\/wp-content\/uploads\/2020\/12\/Una-luz-diferente_-ganador-del-I-Premio-de-cortometrajes-Discapacine-2011-de-Cocemfe-360p_24fps_H264-128kbit_AAC.mp4\">http:\/\/biblioteca.isidrodearceneguiycarmona.es\/wp-content\/uploads\/2020\/12\/Una-luz-diferente_-ganador-del-I-Premio-de-cortometrajes-Discapacine-2011-de-Cocemfe-360p_24fps_H264-128kbit_AAC.mp4<\/a><\/video><\/div>\n<h4 class=\"western\" align=\"JUSTIFY\">Discapacidad mot\u00f3rica:<\/h4>\n<p align=\"JUSTIFY\"><a href=\"http:\/\/www.youtube.com\/embed\/X_oJWjJ3xYs\" target=\"_blank\"><span style=\"color: #3366ff;\"><b>LA HISTORIA DE BORJA<\/b><\/span><span style=\"color: #6f2f9f;\">. <\/span><\/a>Historias con alma. Tiempo: 1m. 02s. Borja es un beneficiario del programa de integraci\u00f3n laboral Incorpora que nos cuenta su historia con alma. El protagonista, que sufre una discapacidad, nos explica sus retos en la vida a trav\u00e9s de su d\u00eda a d\u00eda, un trabajador ejemplar de la cl\u00ednica de Palma, y de su pasi\u00f3n por la vela. Desde que naci\u00f3, Borja tiene una discapacidad del 100% a causa de una artrogriposis cong\u00e9nita de las cuatro extremidades.<\/p>\n<div style=\"width: 600px;\" class=\"wp-video\"><video class=\"wp-video-shortcode\" id=\"video-898-6\" width=\"600\" height=\"480\" preload=\"metadata\" controls=\"controls\"><source type=\"video\/mp4\" src=\"http:\/\/biblioteca.isidrodearceneguiycarmona.es\/wp-content\/uploads\/2020\/12\/La-historia-de-Borja-_-IncorporalaCaixa-480p_25fps_H264-128kbit_AAC.mp4?_=6\" \/><a href=\"http:\/\/biblioteca.isidrodearceneguiycarmona.es\/wp-content\/uploads\/2020\/12\/La-historia-de-Borja-_-IncorporalaCaixa-480p_25fps_H264-128kbit_AAC.mp4\">http:\/\/biblioteca.isidrodearceneguiycarmona.es\/wp-content\/uploads\/2020\/12\/La-historia-de-Borja-_-IncorporalaCaixa-480p_25fps_H264-128kbit_AAC.mp4<\/a><\/video><\/div>\n<p align=\"JUSTIFY\"><span style=\"color: #3366ff;\"><a href=\"http:\/\/www.youtube.com\/embed\/Hf6os-U_1tE\"style=\"color: #3366ff;\"  target=\"_blank\"><b>LA HISTORIA DE TERESA<\/b><\/a>. <\/span>Historias con alma. Tiempo: 1m. 03s. Teresa sufri\u00f3 un accidente de tr\u00e1fico hace seis a\u00f1os a ra\u00edz del cual tiene afectada la memoria reciente y el aparato psicomotor.<\/p>\n<div style=\"width: 600px;\" class=\"wp-video\"><video class=\"wp-video-shortcode\" id=\"video-898-7\" width=\"600\" height=\"480\" preload=\"metadata\" controls=\"controls\"><source type=\"video\/mp4\" src=\"http:\/\/biblioteca.isidrodearceneguiycarmona.es\/wp-content\/uploads\/2020\/12\/La-historia-de-Teresa-_-IncorporalaCaixa-480p_25fps_H264-128kbit_AAC.mp4?_=7\" \/><a href=\"http:\/\/biblioteca.isidrodearceneguiycarmona.es\/wp-content\/uploads\/2020\/12\/La-historia-de-Teresa-_-IncorporalaCaixa-480p_25fps_H264-128kbit_AAC.mp4\">http:\/\/biblioteca.isidrodearceneguiycarmona.es\/wp-content\/uploads\/2020\/12\/La-historia-de-Teresa-_-IncorporalaCaixa-480p_25fps_H264-128kbit_AAC.mp4<\/a><\/video><\/div>\n<p align=\"JUSTIFY\"><span style=\"color: #3366ff;\"><a href=\"http:\/\/www.youtube.com\/embed\/9ejzK7kSseQ\"style=\"color: #3366ff;\"  target=\"_blank\"><b>SUPER ANTONIO<\/b>. <\/a><\/span>Tiempo: 4m. 25s. A veces la vida nos regala la oportunidad de conocer a gente muy especial. Este v\u00eddeo presenta a Antonio&#8230; el &#8220;pr\u00edncipe&#8221; de Camposoto. Peque\u00f1as personas que nos dan d\u00eda a d\u00eda grandes lecciones de vida.<\/p>\n<div style=\"width: 640px;\" class=\"wp-video\"><video class=\"wp-video-shortcode\" id=\"video-898-8\" width=\"640\" height=\"360\" preload=\"metadata\" controls=\"controls\"><source type=\"video\/mp4\" src=\"http:\/\/biblioteca.isidrodearceneguiycarmona.es\/wp-content\/uploads\/2020\/12\/Super-Antonio-360p_25fps_H264-128kbit_AAC.mp4?_=8\" \/><a href=\"http:\/\/biblioteca.isidrodearceneguiycarmona.es\/wp-content\/uploads\/2020\/12\/Super-Antonio-360p_25fps_H264-128kbit_AAC.mp4\">http:\/\/biblioteca.isidrodearceneguiycarmona.es\/wp-content\/uploads\/2020\/12\/Super-Antonio-360p_25fps_H264-128kbit_AAC.mp4<\/a><\/video><\/div>\n<h4 class=\"western\" align=\"JUSTIFY\">Discapacidad intelectual leve:<\/h4>\n<p align=\"JUSTIFY\"><span style=\"color: #3366ff;\"><a href=\"http:\/\/www.youtube.com\/embed\/BjDg9yKt_PI\"style=\"color: #3366ff;\"  target=\"_blank\"><b>MY NAME IS JOSE<\/b><\/a>.<\/span> Historias con alma. Tiempo: 1m. 02m. Jos\u00e9 Vicente tiene una discapacidad intelectual leve. Gracias al programa &#8220;Incorpora&#8221; ha encontrado un trabajo de operario de limpieza. Jos\u00e9 siempre llega el primero y se siente como uno m\u00e1s de la plantilla.<\/p>\n<div style=\"width: 420px;\" class=\"wp-video\"><video class=\"wp-video-shortcode\" id=\"video-898-9\" width=\"420\" height=\"236\" preload=\"metadata\" controls=\"controls\"><source type=\"video\/mp4\" src=\"http:\/\/biblioteca.isidrodearceneguiycarmona.es\/wp-content\/uploads\/2020\/12\/Obra-Social-Fundacion-la-Caixa-Historias-con-alma-My-name-is-Jose...-236p_25fps_H264-96kbit_AAC.mp4?_=9\" \/><a href=\"http:\/\/biblioteca.isidrodearceneguiycarmona.es\/wp-content\/uploads\/2020\/12\/Obra-Social-Fundacion-la-Caixa-Historias-con-alma-My-name-is-Jose...-236p_25fps_H264-96kbit_AAC.mp4\">http:\/\/biblioteca.isidrodearceneguiycarmona.es\/wp-content\/uploads\/2020\/12\/Obra-Social-Fundacion-la-Caixa-Historias-con-alma-My-name-is-Jose...-236p_25fps_H264-96kbit_AAC.mp4<\/a><\/video><\/div>\n<h4 class=\"western\">Otra Diversidad Funcional : Altas capacidades intelectuales:<\/h4>\n<p><b>Sigamos reflexionando: \u00bfQu\u00e9 diferencia existe entre Inclusi\u00f3n o integraci\u00f3n \u00bf<span style=\"color: #3366ff;\"> <a href=\"https:\/\/youtu.be\/KsjVUJMWzks\"style=\"color: #3366ff;\"  target=\"_blank\">IAN. <\/a><\/span><\/b>Inclusi\u00f3n o integraci\u00f3n?<\/p>\n<p><span style=\"color: #3366ff;\"><a href=\"http:\/\/www.youtube.com\/embed\/OK4CyYaatI0\"style=\"color: #3366ff;\"  target=\"_blank\"><b>EL CAZO DE LORENZO<\/b>.<\/a><\/span> Tiempo: 5m. 14s. Montaje del libro de Isabel Carrier. Cuento metaf\u00f3rico para comprender y respetar a las personas que son diferentes.<\/p>\n<div style=\"width: 750px;\" class=\"wp-video\"><video class=\"wp-video-shortcode\" id=\"video-898-10\" width=\"750\" height=\"563\" preload=\"metadata\" controls=\"controls\"><source type=\"video\/mp4\" src=\"http:\/\/biblioteca.isidrodearceneguiycarmona.es\/wp-content\/uploads\/2020\/12\/EL-CAZO-DE-LORENZO-720p_30fps_H264-192kbit_AAC.mp4?_=10\" \/><a href=\"http:\/\/biblioteca.isidrodearceneguiycarmona.es\/wp-content\/uploads\/2020\/12\/EL-CAZO-DE-LORENZO-720p_30fps_H264-192kbit_AAC.mp4\">http:\/\/biblioteca.isidrodearceneguiycarmona.es\/wp-content\/uploads\/2020\/12\/EL-CAZO-DE-LORENZO-720p_30fps_H264-192kbit_AAC.mp4<\/a><\/video><\/div>\n<p align=\"JUSTIFY\"><span style=\"color: #3366ff;\"><a href=\"http:\/\/www.youtube.com\/embed\/OVf1GhKDtW8\"style=\"color: #3366ff;\"  target=\"_blank\"><b>POR CUATRO ESQUINITAS DE NADA<\/b><\/a>.<\/span> Tiempo: 2m. 37s. Montaje audiovisual del libro &#8220;Por cuatro esquinitas de nada&#8221; de Jerome Ruillier<\/p>\n<div style=\"width: 640px;\" class=\"wp-video\"><video class=\"wp-video-shortcode\" id=\"video-898-11\" width=\"640\" height=\"480\" preload=\"metadata\" controls=\"controls\"><source type=\"video\/mp4\" src=\"http:\/\/biblioteca.isidrodearceneguiycarmona.es\/wp-content\/uploads\/2020\/12\/Por-cuatro-esquinitas-de-nada-480p_25fps_H264-128kbit_AAC.mp4?_=11\" \/><a href=\"http:\/\/biblioteca.isidrodearceneguiycarmona.es\/wp-content\/uploads\/2020\/12\/Por-cuatro-esquinitas-de-nada-480p_25fps_H264-128kbit_AAC.mp4\">http:\/\/biblioteca.isidrodearceneguiycarmona.es\/wp-content\/uploads\/2020\/12\/Por-cuatro-esquinitas-de-nada-480p_25fps_H264-128kbit_AAC.mp4<\/a><\/video><\/div>\n<p align=\"JUSTIFY\"><span style=\"color: #3366ff;\"><a href=\"http:\/\/www.youtube.com\/embed\/GrI3ukBGnhM\"style=\"color: #3366ff;\"  target=\"_blank\"><b>LA HISTORIA DE TOLO<\/b>. <\/a><\/span>Historias con alma. Tiempo: 1m. 14s. El protagonista sabe muy bien que una discapacidad no es ning\u00fan obst\u00e1culo para lograr sus objetivos, solo se necesita esfuerzo e ilusi\u00f3n. Tolo ha encontrado un trabajo y tambi\u00e9n ha descubierto una de sus pasiones:la monta\u00f1a.<\/p>\n<div style=\"width: 750px;\" class=\"wp-video\"><video class=\"wp-video-shortcode\" id=\"video-898-12\" width=\"750\" height=\"413\" preload=\"metadata\" controls=\"controls\"><source type=\"video\/mp4\" src=\"http:\/\/biblioteca.isidrodearceneguiycarmona.es\/wp-content\/uploads\/2020\/12\/La-historia-de-Tolo-_-IncorporalaCaixa-470p_25fps_H264-128kbit_AAC.mp4?_=12\" \/><a href=\"http:\/\/biblioteca.isidrodearceneguiycarmona.es\/wp-content\/uploads\/2020\/12\/La-historia-de-Tolo-_-IncorporalaCaixa-470p_25fps_H264-128kbit_AAC.mp4\">http:\/\/biblioteca.isidrodearceneguiycarmona.es\/wp-content\/uploads\/2020\/12\/La-historia-de-Tolo-_-IncorporalaCaixa-470p_25fps_H264-128kbit_AAC.mp4<\/a><\/video><\/div>\n<p><!--more--><\/p>\n","protected":false},"excerpt":{"rendered":"<p>&#8220;La celebraci\u00f3n del D\u00eda Internacional de las Personas con Discapacidad el 3 de diciembre de cada a\u00f1o tiene por objeto &hellip; <\/p>\n","protected":false},"author":3,"featured_media":0,"comment_status":"closed","ping_status":"open","sticky":false,"template":"","format":"standard","meta":{"footnotes":""},"categories":[1],"tags":[],"class_list":["post-898","post","type-post","status-publish","format-standard","hentry","category-articulos-2"],"_links":{"self":[{"href":"https:\/\/biblioteca.isidrodearceneguiycarmona.es\/index.php?rest_route=\/wp\/v2\/posts\/898","targetHints":{"allow":["GET"]}}],"collection":[{"href":"https:\/\/biblioteca.isidrodearceneguiycarmona.es\/index.php?rest_route=\/wp\/v2\/posts"}],"about":[{"href":"https:\/\/biblioteca.isidrodearceneguiycarmona.es\/index.php?rest_route=\/wp\/v2\/types\/post"}],"author":[{"embeddable":true,"href":"https:\/\/biblioteca.isidrodearceneguiycarmona.es\/index.php?rest_route=\/wp\/v2\/users\/3"}],"replies":[{"embeddable":true,"href":"https:\/\/biblioteca.isidrodearceneguiycarmona.es\/index.php?rest_route=%2Fwp%2Fv2%2Fcomments&post=898"}],"version-history":[{"count":3,"href":"https:\/\/biblioteca.isidrodearceneguiycarmona.es\/index.php?rest_route=\/wp\/v2\/posts\/898\/revisions"}],"predecessor-version":[{"id":914,"href":"https:\/\/biblioteca.isidrodearceneguiycarmona.es\/index.php?rest_route=\/wp\/v2\/posts\/898\/revisions\/914"}],"wp:attachment":[{"href":"https:\/\/biblioteca.isidrodearceneguiycarmona.es\/index.php?rest_route=%2Fwp%2Fv2%2Fmedia&parent=898"}],"wp:term":[{"taxonomy":"category","embeddable":true,"href":"https:\/\/biblioteca.isidrodearceneguiycarmona.es\/index.php?rest_route=%2Fwp%2Fv2%2Fcategories&post=898"},{"taxonomy":"post_tag","embeddable":true,"href":"https:\/\/biblioteca.isidrodearceneguiycarmona.es\/index.php?rest_route=%2Fwp%2Fv2%2Ftags&post=898"}],"curies":[{"name":"wp","href":"https:\/\/api.w.org\/{rel}","templated":true}]}}