{"id":93,"date":"2013-04-03T18:38:00","date_gmt":"2013-04-03T18:38:00","guid":{"rendered":"http:\/\/new.isidrodearceneguiycarmona.es\/la-casa-de-bernarda-alba-y-platero-y-yo-en-lengua-de-signos-espanola"},"modified":"2013-04-03T18:38:00","modified_gmt":"2013-04-03T18:38:00","slug":"la-casa-de-bernarda-alba-y-platero-y-yo-en-lengua-de-signos-espanola","status":"publish","type":"post","link":"https:\/\/biblioteca.isidrodearceneguiycarmona.es\/?p=93","title":{"rendered":"LA CASA DE BERNARDA ALBA Y PLATERO Y YO EN LENGUA DE SIGNOS ESPA\u00d1OLA"},"content":{"rendered":"<p><span style=\"color: #3d85c6;\">La Biblioteca Rosario Mart\u00edn acaba de adquirir dos obras cl\u00e1sicas de nuestra literatura contempor\u00e1nea<b> en lengua de signos espa\u00f1ola,<\/b> como son LA CASA DE BERNARDA ALBA de Federico Garc\u00eda Lorca y PLATERO Y YO de juan Ram\u00f3n Jim\u00e9nez.<\/span><\/p>\n<div style=\"clear: both; text-align: center;\"><a href=\"http:\/\/3.bp.blogspot.com\/-ut8edS2Omfk\/UVx2zGziLrI\/AAAAAAAAAgM\/EuGflInBOuE\/s1600\/images.jpg\" style=\"margin-left: 1em; margin-right: 1em;\" target=\"_blank\"><img decoding=\"async\" border=\"0\" src=\"http:\/\/3.bp.blogspot.com\/-ut8edS2Omfk\/UVx2zGziLrI\/AAAAAAAAAgM\/EuGflInBOuE\/s1600\/images.jpg\" \/><\/a><\/div>\n<p><\/p>\n<div style=\"clear: both; text-align: center;\"><a href=\"http:\/\/4.bp.blogspot.com\/-qhxM_o_E31Y\/UVx20SJzORI\/AAAAAAAAAgU\/CNYwoDpHC2s\/s1600\/la-casa-de-bernarda-alba2.jpg\" style=\"margin-left: 1em; margin-right: 1em;\" target=\"_blank\"><img loading=\"lazy\" decoding=\"async\" border=\"0\" height=\"320\" src=\"http:\/\/4.bp.blogspot.com\/-qhxM_o_E31Y\/UVx20SJzORI\/AAAAAAAAAgU\/CNYwoDpHC2s\/s320\/la-casa-de-bernarda-alba2.jpg\" width=\"226\" \/><\/a><\/div>\n<p><\/p>\n","protected":false},"excerpt":{"rendered":"<p>La Biblioteca Rosario Mart\u00edn acaba de adquirir dos obras cl\u00e1sicas de nuestra literatura contempor\u00e1nea en lengua de signos espa\u00f1ola, como &hellip; <\/p>\n","protected":false},"author":3,"featured_media":0,"comment_status":"open","ping_status":"open","sticky":false,"template":"","format":"standard","meta":{"footnotes":""},"categories":[5],"tags":[],"class_list":["post-93","post","type-post","status-publish","format-standard","hentry","category-coleccion"],"_links":{"self":[{"href":"https:\/\/biblioteca.isidrodearceneguiycarmona.es\/index.php?rest_route=\/wp\/v2\/posts\/93","targetHints":{"allow":["GET"]}}],"collection":[{"href":"https:\/\/biblioteca.isidrodearceneguiycarmona.es\/index.php?rest_route=\/wp\/v2\/posts"}],"about":[{"href":"https:\/\/biblioteca.isidrodearceneguiycarmona.es\/index.php?rest_route=\/wp\/v2\/types\/post"}],"author":[{"embeddable":true,"href":"https:\/\/biblioteca.isidrodearceneguiycarmona.es\/index.php?rest_route=\/wp\/v2\/users\/3"}],"replies":[{"embeddable":true,"href":"https:\/\/biblioteca.isidrodearceneguiycarmona.es\/index.php?rest_route=%2Fwp%2Fv2%2Fcomments&post=93"}],"version-history":[{"count":0,"href":"https:\/\/biblioteca.isidrodearceneguiycarmona.es\/index.php?rest_route=\/wp\/v2\/posts\/93\/revisions"}],"wp:attachment":[{"href":"https:\/\/biblioteca.isidrodearceneguiycarmona.es\/index.php?rest_route=%2Fwp%2Fv2%2Fmedia&parent=93"}],"wp:term":[{"taxonomy":"category","embeddable":true,"href":"https:\/\/biblioteca.isidrodearceneguiycarmona.es\/index.php?rest_route=%2Fwp%2Fv2%2Fcategories&post=93"},{"taxonomy":"post_tag","embeddable":true,"href":"https:\/\/biblioteca.isidrodearceneguiycarmona.es\/index.php?rest_route=%2Fwp%2Fv2%2Ftags&post=93"}],"curies":[{"name":"wp","href":"https:\/\/api.w.org\/{rel}","templated":true}]}}