{"id":94,"date":"2013-02-06T19:32:00","date_gmt":"2013-02-06T19:32:00","guid":{"rendered":"http:\/\/new.isidrodearceneguiycarmona.es\/pictograma"},"modified":"2018-08-31T19:24:00","modified_gmt":"2018-08-31T19:24:00","slug":"pictograma","status":"publish","type":"post","link":"https:\/\/biblioteca.isidrodearceneguiycarmona.es\/?p=94","title":{"rendered":"PICTOGRAMA"},"content":{"rendered":"<p>La nueva revista literaria online dirigida por el marchenero y ex-alumno del IES&nbsp; Isidro de Arcenegui y Carmona Joaqu\u00edn Jes\u00fas S\u00e1nchez D\u00edaz, fil\u00f3sofo y redactor de la misma, est\u00e1 en marcha.As\u00ed se describe as\u00ed misma: <i>&#8220;Pictograma es un rinc\u00f3n para la reflexi\u00f3n, un frenes\u00ed, una  ilusi\u00f3n; un semanario cultural abierto a la iniciativa filos\u00f3fica y  literaria en forma de ensayos breves, discretos y elaborados.&#8221;<\/i><\/p>\n<p>Se puede acceder mediante el siguiente enlace:<br \/>http:\/\/www.revistapictograma.com\/index-2.html<\/p>\n<p><\/p>\n<div style=\"clear: both; text-align: center;\"><a href=\"http:\/\/2.bp.blogspot.com\/-fBx1sXTvG88\/URKvvGPwTnI\/AAAAAAAAAf0\/_4dJEfb7nzM\/s1600\/Clip.jpg\" style=\"margin-left: 1em; margin-right: 1em;\" target=\"_blank\"><img loading=\"lazy\" decoding=\"async\" border=\"0\" height=\"205\" src=\"http:\/\/2.bp.blogspot.com\/-fBx1sXTvG88\/URKvvGPwTnI\/AAAAAAAAAf0\/_4dJEfb7nzM\/s320\/Clip.jpg\" width=\"320\" \/><\/a><\/div>\n<p><!--[if gte mso 9]><xml> <w:WordDocument>  <w:View>Normal<\/w:View>  <w:Zoom>0<\/w:Zoom>  <w:HyphenationZone>21<\/w:HyphenationZone>  <w:PunctuationKerning\/>  <w:ValidateAgainstSchemas\/>  <w:SaveIfXMLInval>false<\/w:SaveIfXMLInvalid>  <w:IgnoreMixedContent>false<\/w:IgnoreMixedContent>  <w:AlwaysShowPlaceholderText>false<\/w:AlwaysShowPlaceholderText>  <w:Compatibility>   <w:BreakWrappedTables\/>   <w:SnapToGridInCell\/>   <w:WrapTextWithPunct\/>   <w:UseAsianBreakRules\/>   <w:DontGrowAutofit\/>  <\/w:Compatibility>  <w:BrowserLevel>MicrosoftInternetExplorer4<\/w:BrowserLevel> <\/w:WordDocument><\/xml><![endif]--><!--[if gte mso 9]><xml> <w:LatentStyles DefLockedState=\"false\" LatentStyleCount=\"156\"> <\/w:LatentStyles><\/xml><![endif]--><!--[if gte mso 10]><![endif]--><span style=\"font-family: &quot;Times New Roman&quot;; font-size: 12.0pt; mso-ansi-language: ES-TRAD; mso-bidi-language: AR-SA; mso-fareast-font-family: &quot;Times New Roman&quot;; mso-fareast-language: ES-TRAD;\"><br \/><\/span><\/p>\n<p><\/p>\n","protected":false},"excerpt":{"rendered":"<p>La nueva revista literaria online dirigida por el marchenero y ex-alumno del IES&nbsp; Isidro de Arcenegui y Carmona Joaqu\u00edn Jes\u00fas &hellip; <\/p>\n","protected":false},"author":3,"featured_media":0,"comment_status":"open","ping_status":"open","sticky":false,"template":"","format":"standard","meta":{"footnotes":""},"categories":[10],"tags":[],"class_list":["post-94","post","type-post","status-publish","format-standard","hentry","category-recomendamos"],"_links":{"self":[{"href":"https:\/\/biblioteca.isidrodearceneguiycarmona.es\/index.php?rest_route=\/wp\/v2\/posts\/94","targetHints":{"allow":["GET"]}}],"collection":[{"href":"https:\/\/biblioteca.isidrodearceneguiycarmona.es\/index.php?rest_route=\/wp\/v2\/posts"}],"about":[{"href":"https:\/\/biblioteca.isidrodearceneguiycarmona.es\/index.php?rest_route=\/wp\/v2\/types\/post"}],"author":[{"embeddable":true,"href":"https:\/\/biblioteca.isidrodearceneguiycarmona.es\/index.php?rest_route=\/wp\/v2\/users\/3"}],"replies":[{"embeddable":true,"href":"https:\/\/biblioteca.isidrodearceneguiycarmona.es\/index.php?rest_route=%2Fwp%2Fv2%2Fcomments&post=94"}],"version-history":[{"count":2,"href":"https:\/\/biblioteca.isidrodearceneguiycarmona.es\/index.php?rest_route=\/wp\/v2\/posts\/94\/revisions"}],"predecessor-version":[{"id":251,"href":"https:\/\/biblioteca.isidrodearceneguiycarmona.es\/index.php?rest_route=\/wp\/v2\/posts\/94\/revisions\/251"}],"wp:attachment":[{"href":"https:\/\/biblioteca.isidrodearceneguiycarmona.es\/index.php?rest_route=%2Fwp%2Fv2%2Fmedia&parent=94"}],"wp:term":[{"taxonomy":"category","embeddable":true,"href":"https:\/\/biblioteca.isidrodearceneguiycarmona.es\/index.php?rest_route=%2Fwp%2Fv2%2Fcategories&post=94"},{"taxonomy":"post_tag","embeddable":true,"href":"https:\/\/biblioteca.isidrodearceneguiycarmona.es\/index.php?rest_route=%2Fwp%2Fv2%2Ftags&post=94"}],"curies":[{"name":"wp","href":"https:\/\/api.w.org\/{rel}","templated":true}]}}