{"id":978,"date":"2021-02-10T20:01:51","date_gmt":"2021-02-10T20:01:51","guid":{"rendered":"http:\/\/biblioteca.isidrodearceneguiycarmona.es\/?p=978"},"modified":"2021-02-10T20:01:51","modified_gmt":"2021-02-10T20:01:51","slug":"dia-de-la-paz-y-la-no-violencia","status":"publish","type":"post","link":"https:\/\/biblioteca.isidrodearceneguiycarmona.es\/?p=978","title":{"rendered":"D\u00cdA DE LA PAZ Y LA NO VIOLENCIA"},"content":{"rendered":"<p dir=\"ltr\">La educaci\u00f3n en y para la tolerancia, la solidaridad, la concordia, el respeto a los Derechos Humanos, la no-violencia y la paz son motivos para recordar el 30 de enero. En en D\u00eda de la Paz, los centros educativos se comprometen como defensores de la paz y entendimiento entre personas de distinta procedencia y modos de pensar.<\/p>\n<p dir=\"ltr\">En ese d\u00eda se celebra el aniversario de la muerte del Mahatma Gandhi (India, 1869-1948), l\u00edder pacifista que defendi\u00f3 y promovi\u00f3 la no violencia y la resistencia pac\u00edfica frente a la injusticia y que fue asesinado por defender estas ideas.<\/p>\n<p dir=\"ltr\">Una educaci\u00f3n inspirada en una cultura de no violencia y paz permite a nuestro alumnado adquirir conocimientos, actitudes y competencias que refuercen su desarrollo como ciudadanos globales cr\u00edticos y comprometidos con sus derechos y los de otras personas.<\/p>\n<p>PRESENTAMOS ALGUNOS DE LOS TRABAJOS REALIZADOS POR NUESTRO ALUMNADO (AUDIOS Y VIDEOS) A PARTIR DE UNA BATER\u00cdA DE POEMAS SELECCIONADOS POR EL DEPARTAMENTO DE LENGUA.<\/p>\n<div class=\"wp-playlist wp-audio-playlist wp-playlist-light\">\n\t\t\t<div class=\"wp-playlist-current-item\"><\/div>\n\t\t<audio controls=\"controls\" preload=\"none\" width=\"728\"\n\t\t\t><\/audio>\n\t<div class=\"wp-playlist-next\"><\/div>\n\t<div class=\"wp-playlist-prev\"><\/div>\n\t<noscript>\n\t<ol>\n\t\t<li><a href='https:\/\/biblioteca.isidrodearceneguiycarmona.es\/wp-content\/uploads\/2021\/02\/Poema-Dia-de-la-Paz.mp3'>Poema D\u00eda de la Paz 01<\/a><\/li><li><a href='https:\/\/biblioteca.isidrodearceneguiycarmona.es\/wp-content\/uploads\/2021\/02\/podcast_1611864959.mp3'>Poema D\u00eda de la Paz 02<\/a><\/li><li><a href='https:\/\/biblioteca.isidrodearceneguiycarmona.es\/wp-content\/uploads\/2021\/02\/draft_1611872355546746_audio.mp3'>Poema D\u00eda de la Paz 03<\/a><\/li><li><a href='https:\/\/biblioteca.isidrodearceneguiycarmona.es\/wp-content\/uploads\/2021\/02\/Audio-dia-de-la-Paz.mp3'>Poema D\u00eda de la Paz 04<\/a><\/li><li><a href='https:\/\/biblioteca.isidrodearceneguiycarmona.es\/wp-content\/uploads\/2021\/02\/draft_161186228736221_audio.mp3'>Poema D\u00eda de la Paz 05<\/a><\/li><li><a href='https:\/\/biblioteca.isidrodearceneguiycarmona.es\/wp-content\/uploads\/2021\/02\/Dia-de-la-PAZ-720x480-142Mbps-2021-01-26-20-37-13.mp3'>Poema D\u00eda de la Paz 06<\/a><\/li>\t<\/ol>\n\t<\/noscript>\n\t<script type=\"application\/json\" class=\"wp-playlist-script\">{\"type\":\"audio\",\"tracklist\":true,\"tracknumbers\":true,\"images\":true,\"artists\":true,\"tracks\":[{\"src\":\"https:\/\/biblioteca.isidrodearceneguiycarmona.es\/wp-content\/uploads\/2021\/02\/Poema-Dia-de-la-Paz.mp3\",\"type\":\"audio\/mpeg\",\"title\":\"Poema D\\u00eda de la Paz 01\",\"caption\":\"\",\"description\":\"\\u00abPoema D\\u00eda de la Paz\\u00bb.\",\"meta\":{\"length_formatted\":\"2:16\"},\"image\":{\"src\":\"https:\/\/biblioteca.isidrodearceneguiycarmona.es\/wp-includes\/images\/media\/audio.svg\",\"width\":48,\"height\":64},\"thumb\":{\"src\":\"https:\/\/biblioteca.isidrodearceneguiycarmona.es\/wp-includes\/images\/media\/audio.svg\",\"width\":48,\"height\":64}},{\"src\":\"https:\/\/biblioteca.isidrodearceneguiycarmona.es\/wp-content\/uploads\/2021\/02\/podcast_1611864959.mp3\",\"type\":\"audio\/mpeg\",\"title\":\"Poema D\\u00eda de la Paz 02\",\"caption\":\"\",\"description\":\"\\u00abpodcast_1611864959\\u00bb.\",\"meta\":{\"length_formatted\":\"0:47\"},\"image\":{\"src\":\"https:\/\/biblioteca.isidrodearceneguiycarmona.es\/wp-includes\/images\/media\/audio.svg\",\"width\":48,\"height\":64},\"thumb\":{\"src\":\"https:\/\/biblioteca.isidrodearceneguiycarmona.es\/wp-includes\/images\/media\/audio.svg\",\"width\":48,\"height\":64}},{\"src\":\"https:\/\/biblioteca.isidrodearceneguiycarmona.es\/wp-content\/uploads\/2021\/02\/draft_1611872355546746_audio.mp3\",\"type\":\"audio\/mpeg\",\"title\":\"Poema D\\u00eda de la Paz 03\",\"caption\":\"\",\"description\":\"\\u00abdraft_1611872355546746_audio\\u00bb.\",\"meta\":{\"length_formatted\":\"0:31\"},\"image\":{\"src\":\"https:\/\/biblioteca.isidrodearceneguiycarmona.es\/wp-includes\/images\/media\/audio.svg\",\"width\":48,\"height\":64},\"thumb\":{\"src\":\"https:\/\/biblioteca.isidrodearceneguiycarmona.es\/wp-includes\/images\/media\/audio.svg\",\"width\":48,\"height\":64}},{\"src\":\"https:\/\/biblioteca.isidrodearceneguiycarmona.es\/wp-content\/uploads\/2021\/02\/Audio-dia-de-la-Paz.mp3\",\"type\":\"audio\/mpeg\",\"title\":\"Poema D\\u00eda de la Paz 04\",\"caption\":\"\",\"description\":\"\\u00abM\\u00fasica Instrumental Para Videos | M\\u00fasica de Fondo\\u00bb de M\\u00fasica Instrumental Para Videos | M\\u00fasica de Fondo.\",\"meta\":{\"album\":\"M\\u00fasica Instrumental Para Videos | M\\u00fasica de Fondo\",\"length_formatted\":\"0:37\"},\"image\":{\"src\":\"https:\/\/biblioteca.isidrodearceneguiycarmona.es\/wp-includes\/images\/media\/audio.svg\",\"width\":48,\"height\":64},\"thumb\":{\"src\":\"https:\/\/biblioteca.isidrodearceneguiycarmona.es\/wp-includes\/images\/media\/audio.svg\",\"width\":48,\"height\":64}},{\"src\":\"https:\/\/biblioteca.isidrodearceneguiycarmona.es\/wp-content\/uploads\/2021\/02\/draft_161186228736221_audio.mp3\",\"type\":\"audio\/mpeg\",\"title\":\"Poema D\\u00eda de la Paz 05\",\"caption\":\"\",\"description\":\"\\u00abdraft_161186228736221_audio\\u00bb.\",\"meta\":{\"length_formatted\":\"0:36\"},\"image\":{\"src\":\"https:\/\/biblioteca.isidrodearceneguiycarmona.es\/wp-includes\/images\/media\/audio.svg\",\"width\":48,\"height\":64},\"thumb\":{\"src\":\"https:\/\/biblioteca.isidrodearceneguiycarmona.es\/wp-includes\/images\/media\/audio.svg\",\"width\":48,\"height\":64}},{\"src\":\"https:\/\/biblioteca.isidrodearceneguiycarmona.es\/wp-content\/uploads\/2021\/02\/Dia-de-la-PAZ-720x480-142Mbps-2021-01-26-20-37-13.mp3\",\"type\":\"audio\/mpeg\",\"title\":\"Poema D\\u00eda de la Paz 06\",\"caption\":\"\",\"description\":\"\\u00abD\\u00eda de la PAZ 720x480 1,42Mbps 2021-01-26 20-37-13\\u00bb.\",\"meta\":{\"length_formatted\":\"1:26\"},\"image\":{\"src\":\"https:\/\/biblioteca.isidrodearceneguiycarmona.es\/wp-includes\/images\/media\/audio.svg\",\"width\":48,\"height\":64},\"thumb\":{\"src\":\"https:\/\/biblioteca.isidrodearceneguiycarmona.es\/wp-includes\/images\/media\/audio.svg\",\"width\":48,\"height\":64}}]}<\/script>\n<\/div>\n\t\n<div class=\"wp-playlist wp-video-playlist wp-playlist-light\">\n\t\t<video controls=\"controls\" preload=\"none\" width=\"728\"\n\t\t height=\"1294\"\t><\/video>\n\t<div class=\"wp-playlist-next\"><\/div>\n\t<div class=\"wp-playlist-prev\"><\/div>\n\t<noscript>\n\t<ol>\n\t\t<li><a href='https:\/\/biblioteca.isidrodearceneguiycarmona.es\/wp-content\/uploads\/2021\/02\/DIA-DE-LA-PAZ-27-Jan-2021-at-17_15.mp4'>D\u00cdA DE LA PAZ 01<\/a><\/li><li><a href='https:\/\/biblioteca.isidrodearceneguiycarmona.es\/wp-content\/uploads\/2021\/02\/llo_20210128_223327.mp4'>D\u00cdA DE LA PAZ 02<\/a><\/li><li><a href='https:\/\/biblioteca.isidrodearceneguiycarmona.es\/wp-content\/uploads\/2021\/02\/poema-lengua.mp4'>D\u00cdA D ELA PAZ 03<\/a><\/li><li><a href='https:\/\/biblioteca.isidrodearceneguiycarmona.es\/wp-content\/uploads\/2021\/02\/poemadiadelapaz.mp4'>D\u00cdA DE LA PAZ 04<\/a><\/li><li><a href='https:\/\/biblioteca.isidrodearceneguiycarmona.es\/wp-content\/uploads\/2021\/02\/VID-20210129-WA0002.mp4'>D\u00cdA DE LA PAZ 05<\/a><\/li><li><a href='https:\/\/biblioteca.isidrodearceneguiycarmona.es\/wp-content\/uploads\/2021\/02\/Video-de-Marta-Guerrero.mp4'>D\u00cdA DE LA PAZ 06<\/a><\/li>\t<\/ol>\n\t<\/noscript>\n\t<script type=\"application\/json\" class=\"wp-playlist-script\">{\"type\":\"video\",\"tracklist\":true,\"tracknumbers\":true,\"images\":true,\"artists\":true,\"tracks\":[{\"src\":\"https:\/\/biblioteca.isidrodearceneguiycarmona.es\/wp-content\/uploads\/2021\/02\/DIA-DE-LA-PAZ-27-Jan-2021-at-17_15.mp4\",\"type\":\"video\/mp4\",\"title\":\"D\\u00cdA DE LA PAZ 01\",\"caption\":\"\",\"description\":\"\",\"meta\":{\"length_formatted\":\"0:16\"},\"dimensions\":{\"original\":{\"width\":480,\"height\":848},\"resized\":{\"width\":728,\"height\":1286}},\"image\":{\"src\":\"https:\/\/biblioteca.isidrodearceneguiycarmona.es\/wp-includes\/images\/media\/video.svg\",\"width\":48,\"height\":64},\"thumb\":{\"src\":\"https:\/\/biblioteca.isidrodearceneguiycarmona.es\/wp-includes\/images\/media\/video.svg\",\"width\":48,\"height\":64}},{\"src\":\"https:\/\/biblioteca.isidrodearceneguiycarmona.es\/wp-content\/uploads\/2021\/02\/llo_20210128_223327.mp4\",\"type\":\"video\/mp4\",\"title\":\"D\\u00cdA DE LA PAZ 02\",\"caption\":\"\",\"description\":\"\",\"meta\":{\"length_formatted\":\"1:58\"},\"dimensions\":{\"original\":{\"width\":1280,\"height\":720},\"resized\":{\"width\":728,\"height\":410}},\"image\":{\"src\":\"https:\/\/biblioteca.isidrodearceneguiycarmona.es\/wp-includes\/images\/media\/video.svg\",\"width\":48,\"height\":64},\"thumb\":{\"src\":\"https:\/\/biblioteca.isidrodearceneguiycarmona.es\/wp-includes\/images\/media\/video.svg\",\"width\":48,\"height\":64}},{\"src\":\"https:\/\/biblioteca.isidrodearceneguiycarmona.es\/wp-content\/uploads\/2021\/02\/poema-lengua.mp4\",\"type\":\"video\/mp4\",\"title\":\"D\\u00cdA D ELA PAZ 03\",\"caption\":\"\",\"description\":\"\",\"meta\":{\"length_formatted\":\"0:24\"},\"dimensions\":{\"original\":{\"width\":1920,\"height\":1080},\"resized\":{\"width\":728,\"height\":410}},\"image\":{\"src\":\"https:\/\/biblioteca.isidrodearceneguiycarmona.es\/wp-includes\/images\/media\/video.svg\",\"width\":48,\"height\":64},\"thumb\":{\"src\":\"https:\/\/biblioteca.isidrodearceneguiycarmona.es\/wp-includes\/images\/media\/video.svg\",\"width\":48,\"height\":64}},{\"src\":\"https:\/\/biblioteca.isidrodearceneguiycarmona.es\/wp-content\/uploads\/2021\/02\/poemadiadelapaz.mp4\",\"type\":\"video\/mp4\",\"title\":\"D\\u00cdA DE LA PAZ 04\",\"caption\":\"\",\"description\":\"\",\"meta\":{\"length_formatted\":\"0:46\"},\"dimensions\":{\"original\":{\"width\":1080,\"height\":1920},\"resized\":{\"width\":728,\"height\":1294}},\"image\":{\"src\":\"https:\/\/biblioteca.isidrodearceneguiycarmona.es\/wp-includes\/images\/media\/video.svg\",\"width\":48,\"height\":64},\"thumb\":{\"src\":\"https:\/\/biblioteca.isidrodearceneguiycarmona.es\/wp-includes\/images\/media\/video.svg\",\"width\":48,\"height\":64}},{\"src\":\"https:\/\/biblioteca.isidrodearceneguiycarmona.es\/wp-content\/uploads\/2021\/02\/VID-20210129-WA0002.mp4\",\"type\":\"video\/mp4\",\"title\":\"D\\u00cdA DE LA PAZ 05\",\"caption\":\"\",\"description\":\"\",\"meta\":{\"length_formatted\":\"1:48\"},\"dimensions\":{\"original\":{\"width\":848,\"height\":480},\"resized\":{\"width\":728,\"height\":412}},\"image\":{\"src\":\"https:\/\/biblioteca.isidrodearceneguiycarmona.es\/wp-includes\/images\/media\/video.svg\",\"width\":48,\"height\":64},\"thumb\":{\"src\":\"https:\/\/biblioteca.isidrodearceneguiycarmona.es\/wp-includes\/images\/media\/video.svg\",\"width\":48,\"height\":64}},{\"src\":\"https:\/\/biblioteca.isidrodearceneguiycarmona.es\/wp-content\/uploads\/2021\/02\/Video-de-Marta-Guerrero.mp4\",\"type\":\"video\/mp4\",\"title\":\"D\\u00cdA DE LA PAZ 06\",\"caption\":\"\",\"description\":\"\",\"meta\":{\"length_formatted\":\"0:59\"},\"dimensions\":{\"original\":{\"width\":576,\"height\":1024},\"resized\":{\"width\":728,\"height\":1294}},\"image\":{\"src\":\"https:\/\/biblioteca.isidrodearceneguiycarmona.es\/wp-includes\/images\/media\/video.svg\",\"width\":48,\"height\":64},\"thumb\":{\"src\":\"https:\/\/biblioteca.isidrodearceneguiycarmona.es\/wp-includes\/images\/media\/video.svg\",\"width\":48,\"height\":64}}]}<\/script>\n<\/div>\n\t\n","protected":false},"excerpt":{"rendered":"<p>La educaci\u00f3n en y para la tolerancia, la solidaridad, la concordia, el respeto a los Derechos Humanos, la no-violencia y &hellip; <\/p>\n","protected":false},"author":3,"featured_media":0,"comment_status":"closed","ping_status":"open","sticky":false,"template":"","format":"standard","meta":{"footnotes":""},"categories":[7],"tags":[],"class_list":["post-978","post","type-post","status-publish","format-standard","hentry","category-celebraciones"],"_links":{"self":[{"href":"https:\/\/biblioteca.isidrodearceneguiycarmona.es\/index.php?rest_route=\/wp\/v2\/posts\/978","targetHints":{"allow":["GET"]}}],"collection":[{"href":"https:\/\/biblioteca.isidrodearceneguiycarmona.es\/index.php?rest_route=\/wp\/v2\/posts"}],"about":[{"href":"https:\/\/biblioteca.isidrodearceneguiycarmona.es\/index.php?rest_route=\/wp\/v2\/types\/post"}],"author":[{"embeddable":true,"href":"https:\/\/biblioteca.isidrodearceneguiycarmona.es\/index.php?rest_route=\/wp\/v2\/users\/3"}],"replies":[{"embeddable":true,"href":"https:\/\/biblioteca.isidrodearceneguiycarmona.es\/index.php?rest_route=%2Fwp%2Fv2%2Fcomments&post=978"}],"version-history":[{"count":2,"href":"https:\/\/biblioteca.isidrodearceneguiycarmona.es\/index.php?rest_route=\/wp\/v2\/posts\/978\/revisions"}],"predecessor-version":[{"id":995,"href":"https:\/\/biblioteca.isidrodearceneguiycarmona.es\/index.php?rest_route=\/wp\/v2\/posts\/978\/revisions\/995"}],"wp:attachment":[{"href":"https:\/\/biblioteca.isidrodearceneguiycarmona.es\/index.php?rest_route=%2Fwp%2Fv2%2Fmedia&parent=978"}],"wp:term":[{"taxonomy":"category","embeddable":true,"href":"https:\/\/biblioteca.isidrodearceneguiycarmona.es\/index.php?rest_route=%2Fwp%2Fv2%2Fcategories&post=978"},{"taxonomy":"post_tag","embeddable":true,"href":"https:\/\/biblioteca.isidrodearceneguiycarmona.es\/index.php?rest_route=%2Fwp%2Fv2%2Ftags&post=978"}],"curies":[{"name":"wp","href":"https:\/\/api.w.org\/{rel}","templated":true}]}}